{"id":48090,"date":"2025-03-20T13:48:30","date_gmt":"2025-03-20T13:48:30","guid":{"rendered":"https:\/\/www.kurpfalz-internat.de\/escuela-de-cultura-de-leipzig-de-visita"},"modified":"2026-01-27T10:51:51","modified_gmt":"2026-01-27T10:51:51","slug":"escuela-de-cultura-de-leipzig-de-visita","status":"publish","type":"post","link":"https:\/\/www.kurpfalz-internat.de\/es\/escuela-de-cultura-de-leipzig-de-visita","title":{"rendered":"\u00abEscuela de Cultura de Leipzig\u00bb de visita"},"content":{"rendered":"\n<p><i>Los alumnos de las clases 9 a K2 del Internado Kurpfalz pudieron asistir a una representaci\u00f3n teatral \u00abStauffenberg \u2013 Alta traici\u00f3n o resistencia\u00bb, que se llev\u00f3 a cabo en el propio atrio de la escuela. El elenco de la  <\/i><a href=\"https:\/\/www.kulturschule.info\/\">\u201eKulturschule Leipzig\u201c<\/a> &#8211; Daniela y G\u00fcnther Frese &#8211; vinieron de visita y presentaron una adaptaci\u00f3n plenamente lograda del material hist\u00f3rico. <\/p>\n\n<p><em>El 20 de julio de 1944, el asesino de Hitler Claus Schenk Graf von Stauffenberg hizo detonar una bomba en el \u00abcuartel general del F\u00fchrer\u00bb en Prusia Oriental. La bomba fall\u00f3 en su objetivo y Hitler sobrevivi\u00f3. Stauffenberg tuvo que pagar por su acto con su vida esa misma noche.  <\/em><\/p>\n\n<p><em>El 20 de julio de 1944 se ha convertido en s\u00edmbolo de la resistencia alemana contra la dictadura y el r\u00e9gimen de terror de los nazis. Pas\u00f3 a la historia como la \u00abrevuelta de la conciencia\u00bb. Tambi\u00e9n hoy, ante los desaf\u00edos que enfrentan las democracias modernas, Claus Schenk Graf von Stauffenberg y sus compa\u00f1eros son considerados modelos a seguir y numerosas escuelas llevan su nombre.  <\/em><\/p>\n\n<p>Concebido como una obra para dos personas de la \u00abKulturschule Leipzig\u00bb, la historia del fatalismo del militarismo y nacionalismo alem\u00e1n desde la \u00e9poca del Kaiser, a trav\u00e9s de la Primera Guerra Mundial hasta la Rep\u00fablica de Weimar y la toma del poder por parte de Hitler, y finalmente hasta el atentado de Stauffenberg y su final, fue delineada alternadamente por una figura de \u00abmoderadora\u00bb (Daniela Frese) y el papel de Stauffenberg (G\u00fcnther Frese) en episodios concisos, siempre complementados por grabaciones de aportaciones originales, por ejemplo, discursos de Hitler o el juramento de la Wehrmacht al \u00abf\u00fchrer\u00bb. Se pod\u00eda experimentar al joven Stauffenberg, quien escribi\u00f3 poemas patri\u00f3ticos y al principio vincul\u00f3 esperanzas con el nuevo \u00abnacionalsocialismo\u00bb, pero luego, como soldado, conoci\u00f3 el lado cruel del r\u00e9gimen y rechaz\u00f3 consecuentemente y con valent\u00eda su desprecio por la vida humana, incluso cuando ello requer\u00eda el uso de la violencia y el sacrificio de su propia vida. Por lo tanto, una pregunta se fue convirtiendo cada vez m\u00e1s en el centro: \u00ab\u00bfEra l\u00edcito, deb\u00eda o ten\u00eda uno la obligaci\u00f3n moral de asesinar a Hitler?\u00bb  <\/p>\n\n<p>A trav\u00e9s de comentarios intercalados, tambi\u00e9n se agudiz\u00f3 la mirada sobre la actualidad del tema \u00abResistencia contra una dictadura\u00bb &#8211; as\u00ed, la obra de teatro se enmarca en el contexto de \u00abEscuela sin Racismo &#8211; Escuela con Coraje\u00bb y la educaci\u00f3n democr\u00e1tica, por la cual tambi\u00e9n se compromete el Internado Kurpfalz.<\/p>\n\n<p>En la ronda de discusi\u00f3n que sigui\u00f3, se hizo particularmente evidente cu\u00e1n importante es una sociedad civil que funcione, que defienda los valores democr\u00e1ticos por medios pac\u00edficos y que deje claro a los j\u00f3venes su responsabilidad: \u201c\u00a1Nunca m\u00e1s es ahora!\u201d<\/p>\n\n<p>[Informe redactado por: D. Blum, jefe de departamento de Alem\u00e1n y Ciencias Sociales]<\/p>\n","protected":false},"excerpt":{"rendered":"<p>Las clases de 9 a K2 pudieron asistir a la representaci\u00f3n teatral \u00abStauffenberg &#8211; Traici\u00f3n o resistencia\u00bb, que se llev\u00f3 a cabo en el atrio de la escuela.<\/p>\n","protected":false},"author":1,"featured_media":25252,"comment_status":"closed","ping_status":"closed","sticky":false,"template":"","format":"standard","meta":{"_acf_changed":false,"_yoast_wpseo_title":"","_yoast_wpseo_metadesc":"Las clases de 9 a K2 pudieron asistir a la representaci\u00f3n teatral \"Stauffenberg - Traici\u00f3n o Resistencia\", que se llev\u00f3 a cabo en el atrio de la escuela.","excerpt":"Las clases de 9 a K2 pudieron asistir a la representaci\u00f3n teatral \"Stauffenberg - Traici\u00f3n o Resistencia\", que se llev\u00f3 a cabo en el atrio de la escuela.","footnotes":""},"categories":[23],"tags":[],"class_list":{"0":"post-48090","1":"post","2":"type-post","3":"status-publish","4":"format-standard","5":"has-post-thumbnail","7":"category-noticias-de-kurpfalz"},"acf":[],"yoast_head":"<!-- This site is optimized with the Yoast SEO plugin v26.9 - https:\/\/yoast.com\/product\/yoast-seo-wordpress\/ -->\n<title>&quot;Escuela de Cultura de Leipzig&quot; de visita - Kurpfalz Internat<\/title>\n<meta name=\"description\" content=\"Las clases de 9 a K2 pudieron asistir a la representaci\u00f3n teatral &quot;Stauffenberg - Traici\u00f3n o Resistencia&quot;, que se llev\u00f3 a cabo en el atrio de la escuela.\" \/>\n<meta name=\"robots\" content=\"index, follow, max-snippet:-1, max-image-preview:large, max-video-preview:-1\" \/>\n<link rel=\"canonical\" href=\"https:\/\/www.kurpfalz-internat.de\/es\/escuela-de-cultura-de-leipzig-de-visita\" \/>\n<meta property=\"og:locale\" content=\"es_ES\" \/>\n<meta property=\"og:type\" content=\"article\" \/>\n<meta property=\"og:title\" content=\"&quot;Escuela de Cultura de Leipzig&quot; de visita - Kurpfalz Internat\" \/>\n<meta property=\"og:description\" content=\"Las clases de 9 a K2 pudieron asistir a la representaci\u00f3n teatral &quot;Stauffenberg - Traici\u00f3n o Resistencia&quot;, que se llev\u00f3 a cabo en el atrio de la escuela.\" \/>\n<meta property=\"og:url\" content=\"https:\/\/www.kurpfalz-internat.de\/es\/escuela-de-cultura-de-leipzig-de-visita\" \/>\n<meta property=\"og:site_name\" content=\"Kurpfalz Internat\" \/>\n<meta property=\"article:published_time\" content=\"2025-03-20T13:48:30+00:00\" \/>\n<meta property=\"article:modified_time\" content=\"2026-01-27T10:51:51+00:00\" \/>\n<meta name=\"author\" content=\"Schloss Torgelow\" \/>\n<meta name=\"twitter:card\" content=\"summary_large_image\" \/>\n<meta name=\"twitter:label1\" content=\"Escrito por\" \/>\n\t<meta name=\"twitter:data1\" content=\"Schloss Torgelow\" \/>\n\t<meta name=\"twitter:label2\" content=\"Tiempo de lectura\" \/>\n\t<meta name=\"twitter:data2\" content=\"2 minuto\" \/>\n<script type=\"application\/ld+json\" class=\"yoast-schema-graph\">{\"@context\":\"https:\/\/schema.org\",\"@graph\":[{\"@type\":\"Article\",\"@id\":\"https:\/\/www.kurpfalz-internat.de\/es\/escuela-de-cultura-de-leipzig-de-visita#article\",\"isPartOf\":{\"@id\":\"https:\/\/www.kurpfalz-internat.de\/es\/escuela-de-cultura-de-leipzig-de-visita\"},\"author\":{\"name\":\"Schloss Torgelow\",\"@id\":\"https:\/\/www.kurpfalz-internat.de\/es#\/schema\/person\/b76bbb367f3a20c7ced1339e4875691e\"},\"headline\":\"\u00abEscuela de Cultura de Leipzig\u00bb de visita\",\"datePublished\":\"2025-03-20T13:48:30+00:00\",\"dateModified\":\"2026-01-27T10:51:51+00:00\",\"mainEntityOfPage\":{\"@id\":\"https:\/\/www.kurpfalz-internat.de\/es\/escuela-de-cultura-de-leipzig-de-visita\"},\"wordCount\":497,\"image\":{\"@id\":\"https:\/\/www.kurpfalz-internat.de\/es\/escuela-de-cultura-de-leipzig-de-visita#primaryimage\"},\"thumbnailUrl\":\"https:\/\/www.kurpfalz-internat.de\/wp-content\/uploads\/sites\/2\/2025\/09\/kulturschule-leipzig_header_st.avif\",\"articleSection\":[\"Noticias de Kurpfalz\"],\"inLanguage\":\"es\"},{\"@type\":\"WebPage\",\"@id\":\"https:\/\/www.kurpfalz-internat.de\/es\/escuela-de-cultura-de-leipzig-de-visita#webpage\",\"url\":\"https:\/\/www.kurpfalz-internat.de\/es\/escuela-de-cultura-de-leipzig-de-visita\",\"name\":\"\\\"Escuela de Cultura de Leipzig\\\" de visita - Kurpfalz Internat\",\"isPartOf\":{\"@id\":\"https:\/\/www.kurpfalz-internat.de\/es#website\"},\"primaryImageOfPage\":{\"@id\":\"https:\/\/www.kurpfalz-internat.de\/es\/escuela-de-cultura-de-leipzig-de-visita#primaryimage\"},\"image\":{\"@id\":\"https:\/\/www.kurpfalz-internat.de\/es\/escuela-de-cultura-de-leipzig-de-visita#primaryimage\"},\"thumbnailUrl\":\"https:\/\/www.kurpfalz-internat.de\/wp-content\/uploads\/sites\/2\/2025\/09\/kulturschule-leipzig_header_st.avif\",\"datePublished\":\"2025-03-20T13:48:30+00:00\",\"dateModified\":\"2026-01-27T10:51:51+00:00\",\"author\":{\"@id\":\"https:\/\/www.kurpfalz-internat.de\/es#\/schema\/person\/b76bbb367f3a20c7ced1339e4875691e\"},\"description\":\"Las clases de 9 a K2 pudieron asistir a la representaci\u00f3n teatral \\\"Stauffenberg - Traici\u00f3n o Resistencia\\\", que se llev\u00f3 a cabo en el atrio de la escuela.\",\"breadcrumb\":{\"@id\":\"https:\/\/www.kurpfalz-internat.de\/es\/escuela-de-cultura-de-leipzig-de-visita#breadcrumb\"},\"inLanguage\":\"es\",\"potentialAction\":[{\"@type\":\"ReadAction\",\"target\":[\"https:\/\/www.kurpfalz-internat.de\/es\/escuela-de-cultura-de-leipzig-de-visita\"]}]},{\"@type\":\"ImageObject\",\"inLanguage\":\"es\",\"@id\":\"https:\/\/www.kurpfalz-internat.de\/es\/escuela-de-cultura-de-leipzig-de-visita#primaryimage\",\"url\":\"https:\/\/www.kurpfalz-internat.de\/wp-content\/uploads\/sites\/2\/2025\/09\/kulturschule-leipzig_header_st.avif\",\"contentUrl\":\"https:\/\/www.kurpfalz-internat.de\/wp-content\/uploads\/sites\/2\/2025\/09\/kulturschule-leipzig_header_st.avif\",\"width\":1920,\"height\":1080,\"caption\":\"\\\"Escuela de Cultura de Leipzig\\\" de visita\"},{\"@type\":\"BreadcrumbList\",\"@id\":\"https:\/\/www.kurpfalz-internat.de\/es\/escuela-de-cultura-de-leipzig-de-visita#breadcrumb\",\"itemListElement\":[{\"@type\":\"ListItem\",\"position\":1,\"name\":\"Startseite\",\"item\":\"https:\/\/www.kurpfalz-internat.de\/es\"},{\"@type\":\"ListItem\",\"position\":2,\"name\":\"&#8220;Escuela de Cultura de Leipzig&#8221; de visita\"}]},{\"@type\":\"WebSite\",\"@id\":\"https:\/\/www.kurpfalz-internat.de\/es#website\",\"url\":\"https:\/\/www.kurpfalz-internat.de\/es\",\"name\":\"Kurpfalz Internat\",\"description\":\"El internado privado Kurpfalz con escuela secundaria y escuela t\u00e9cnica \u2013 para estudiantes que buscan un desaf\u00edo.\",\"potentialAction\":[{\"@type\":\"SearchAction\",\"target\":{\"@type\":\"EntryPoint\",\"urlTemplate\":\"https:\/\/www.kurpfalz-internat.de\/es?s={search_term_string}\"},\"query-input\":{\"@type\":\"PropertyValueSpecification\",\"valueRequired\":true,\"valueName\":\"search_term_string\"}}],\"inLanguage\":\"es\"},{\"@type\":\"Person\",\"@id\":\"https:\/\/www.kurpfalz-internat.de\/es#\/schema\/person\/b76bbb367f3a20c7ced1339e4875691e\",\"name\":\"Schloss Torgelow\",\"image\":{\"@type\":\"ImageObject\",\"inLanguage\":\"es\",\"@id\":\"https:\/\/www.kurpfalz-internat.de\/es#\/schema\/person\/image\/\",\"url\":\"https:\/\/secure.gravatar.com\/avatar\/4bad9bf1bee90f77b98693d3ad03ade085c80c169595427c58c58e5b069f49e1?s=96&d=mm&r=g\",\"contentUrl\":\"https:\/\/secure.gravatar.com\/avatar\/4bad9bf1bee90f77b98693d3ad03ade085c80c169595427c58c58e5b069f49e1?s=96&d=mm&r=g\",\"caption\":\"Schloss Torgelow\"},\"sameAs\":[\"https:\/\/www.schlosstorgelow.de\"]}]}<\/script>\n<!-- \/ Yoast SEO plugin. -->","yoast_head_json":{"title":"\"Escuela de Cultura de Leipzig\" de visita - Kurpfalz Internat","description":"Las clases de 9 a K2 pudieron asistir a la representaci\u00f3n teatral \"Stauffenberg - Traici\u00f3n o Resistencia\", que se llev\u00f3 a cabo en el atrio de la escuela.","robots":{"index":"index","follow":"follow","max-snippet":"max-snippet:-1","max-image-preview":"max-image-preview:large","max-video-preview":"max-video-preview:-1"},"canonical":"https:\/\/www.kurpfalz-internat.de\/es\/escuela-de-cultura-de-leipzig-de-visita","og_locale":"es_ES","og_type":"article","og_title":"\"Escuela de Cultura de Leipzig\" de visita - Kurpfalz Internat","og_description":"Las clases de 9 a K2 pudieron asistir a la representaci\u00f3n teatral \"Stauffenberg - Traici\u00f3n o Resistencia\", que se llev\u00f3 a cabo en el atrio de la escuela.","og_url":"https:\/\/www.kurpfalz-internat.de\/es\/escuela-de-cultura-de-leipzig-de-visita","og_site_name":"Kurpfalz Internat","article_published_time":"2025-03-20T13:48:30+00:00","article_modified_time":"2026-01-27T10:51:51+00:00","author":"Schloss Torgelow","twitter_card":"summary_large_image","twitter_misc":{"Escrito por":"Schloss Torgelow","Tiempo de lectura":"2 minuto"},"schema":{"@context":"https:\/\/schema.org","@graph":[{"@type":"Article","@id":"https:\/\/www.kurpfalz-internat.de\/es\/escuela-de-cultura-de-leipzig-de-visita#article","isPartOf":{"@id":"https:\/\/www.kurpfalz-internat.de\/es\/escuela-de-cultura-de-leipzig-de-visita"},"author":{"name":"Schloss Torgelow","@id":"https:\/\/www.kurpfalz-internat.de\/es#\/schema\/person\/b76bbb367f3a20c7ced1339e4875691e"},"headline":"\u00abEscuela de Cultura de Leipzig\u00bb de visita","datePublished":"2025-03-20T13:48:30+00:00","dateModified":"2026-01-27T10:51:51+00:00","mainEntityOfPage":{"@id":"https:\/\/www.kurpfalz-internat.de\/es\/escuela-de-cultura-de-leipzig-de-visita"},"wordCount":497,"image":{"@id":"https:\/\/www.kurpfalz-internat.de\/es\/escuela-de-cultura-de-leipzig-de-visita#primaryimage"},"thumbnailUrl":"https:\/\/www.kurpfalz-internat.de\/wp-content\/uploads\/sites\/2\/2025\/09\/kulturschule-leipzig_header_st.avif","articleSection":["Noticias de Kurpfalz"],"inLanguage":"es"},{"@type":"WebPage","@id":"https:\/\/www.kurpfalz-internat.de\/es\/escuela-de-cultura-de-leipzig-de-visita#webpage","url":"https:\/\/www.kurpfalz-internat.de\/es\/escuela-de-cultura-de-leipzig-de-visita","name":"\"Escuela de Cultura de Leipzig\" de visita - Kurpfalz Internat","isPartOf":{"@id":"https:\/\/www.kurpfalz-internat.de\/es#website"},"primaryImageOfPage":{"@id":"https:\/\/www.kurpfalz-internat.de\/es\/escuela-de-cultura-de-leipzig-de-visita#primaryimage"},"image":{"@id":"https:\/\/www.kurpfalz-internat.de\/es\/escuela-de-cultura-de-leipzig-de-visita#primaryimage"},"thumbnailUrl":"https:\/\/www.kurpfalz-internat.de\/wp-content\/uploads\/sites\/2\/2025\/09\/kulturschule-leipzig_header_st.avif","datePublished":"2025-03-20T13:48:30+00:00","dateModified":"2026-01-27T10:51:51+00:00","author":{"@id":"https:\/\/www.kurpfalz-internat.de\/es#\/schema\/person\/b76bbb367f3a20c7ced1339e4875691e"},"description":"Las clases de 9 a K2 pudieron asistir a la representaci\u00f3n teatral \"Stauffenberg - Traici\u00f3n o Resistencia\", que se llev\u00f3 a cabo en el atrio de la escuela.","breadcrumb":{"@id":"https:\/\/www.kurpfalz-internat.de\/es\/escuela-de-cultura-de-leipzig-de-visita#breadcrumb"},"inLanguage":"es","potentialAction":[{"@type":"ReadAction","target":["https:\/\/www.kurpfalz-internat.de\/es\/escuela-de-cultura-de-leipzig-de-visita"]}]},{"@type":"ImageObject","inLanguage":"es","@id":"https:\/\/www.kurpfalz-internat.de\/es\/escuela-de-cultura-de-leipzig-de-visita#primaryimage","url":"https:\/\/www.kurpfalz-internat.de\/wp-content\/uploads\/sites\/2\/2025\/09\/kulturschule-leipzig_header_st.avif","contentUrl":"https:\/\/www.kurpfalz-internat.de\/wp-content\/uploads\/sites\/2\/2025\/09\/kulturschule-leipzig_header_st.avif","width":1920,"height":1080,"caption":"\"Escuela de Cultura de Leipzig\" de visita"},{"@type":"BreadcrumbList","@id":"https:\/\/www.kurpfalz-internat.de\/es\/escuela-de-cultura-de-leipzig-de-visita#breadcrumb","itemListElement":[{"@type":"ListItem","position":1,"name":"Startseite","item":"https:\/\/www.kurpfalz-internat.de\/es"},{"@type":"ListItem","position":2,"name":"&#8220;Escuela de Cultura de Leipzig&#8221; de visita"}]},{"@type":"WebSite","@id":"https:\/\/www.kurpfalz-internat.de\/es#website","url":"https:\/\/www.kurpfalz-internat.de\/es","name":"Kurpfalz Internat","description":"El internado privado Kurpfalz con escuela secundaria y escuela t\u00e9cnica \u2013 para estudiantes que buscan un desaf\u00edo.","potentialAction":[{"@type":"SearchAction","target":{"@type":"EntryPoint","urlTemplate":"https:\/\/www.kurpfalz-internat.de\/es?s={search_term_string}"},"query-input":{"@type":"PropertyValueSpecification","valueRequired":true,"valueName":"search_term_string"}}],"inLanguage":"es"},{"@type":"Person","@id":"https:\/\/www.kurpfalz-internat.de\/es#\/schema\/person\/b76bbb367f3a20c7ced1339e4875691e","name":"Schloss Torgelow","image":{"@type":"ImageObject","inLanguage":"es","@id":"https:\/\/www.kurpfalz-internat.de\/es#\/schema\/person\/image\/","url":"https:\/\/secure.gravatar.com\/avatar\/4bad9bf1bee90f77b98693d3ad03ade085c80c169595427c58c58e5b069f49e1?s=96&d=mm&r=g","contentUrl":"https:\/\/secure.gravatar.com\/avatar\/4bad9bf1bee90f77b98693d3ad03ade085c80c169595427c58c58e5b069f49e1?s=96&d=mm&r=g","caption":"Schloss Torgelow"},"sameAs":["https:\/\/www.schlosstorgelow.de"]}]}},"block_visibility_meta":[],"_links":{"self":[{"href":"https:\/\/www.kurpfalz-internat.de\/es\/wp-json\/wp\/v2\/posts\/48090","targetHints":{"allow":["GET"]}}],"collection":[{"href":"https:\/\/www.kurpfalz-internat.de\/es\/wp-json\/wp\/v2\/posts"}],"about":[{"href":"https:\/\/www.kurpfalz-internat.de\/es\/wp-json\/wp\/v2\/types\/post"}],"author":[{"embeddable":true,"href":"https:\/\/www.kurpfalz-internat.de\/es\/wp-json\/wp\/v2\/users\/1"}],"replies":[{"embeddable":true,"href":"https:\/\/www.kurpfalz-internat.de\/es\/wp-json\/wp\/v2\/comments?post=48090"}],"version-history":[{"count":1,"href":"https:\/\/www.kurpfalz-internat.de\/es\/wp-json\/wp\/v2\/posts\/48090\/revisions"}],"predecessor-version":[{"id":48091,"href":"https:\/\/www.kurpfalz-internat.de\/es\/wp-json\/wp\/v2\/posts\/48090\/revisions\/48091"}],"wp:featuredmedia":[{"embeddable":true,"href":"https:\/\/www.kurpfalz-internat.de\/es\/wp-json\/wp\/v2\/media\/25252"}],"wp:attachment":[{"href":"https:\/\/www.kurpfalz-internat.de\/es\/wp-json\/wp\/v2\/media?parent=48090"}],"wp:term":[{"taxonomy":"category","embeddable":true,"href":"https:\/\/www.kurpfalz-internat.de\/es\/wp-json\/wp\/v2\/categories?post=48090"},{"taxonomy":"post_tag","embeddable":true,"href":"https:\/\/www.kurpfalz-internat.de\/es\/wp-json\/wp\/v2\/tags?post=48090"}],"curies":[{"name":"wp","href":"https:\/\/api.w.org\/{rel}","templated":true}]}}