{"id":48100,"date":"2025-01-27T11:47:15","date_gmt":"2025-01-27T11:47:15","guid":{"rendered":"https:\/\/www.kurpfalz-internat.de\/intercambio-exitoso-junior-empresarios-de-heidelberg-de-visita"},"modified":"2026-01-27T10:51:55","modified_gmt":"2026-01-27T10:51:55","slug":"intercambio-exitoso-junior-empresarios-de-heidelberg-de-visita","status":"publish","type":"post","link":"https:\/\/www.kurpfalz-internat.de\/es\/intercambio-exitoso-junior-empresarios-de-heidelberg-de-visita","title":{"rendered":"Intercambio exitoso: Junior Empresarios de Heidelberg de visita"},"content":{"rendered":"\n<p>El 25 de febrero de 2025, <a href=\"https:\/\/www.wj-hd.de\/\" target=\"_blank\" rel=\"noreferrer noopener nofollow\">los j\u00f3venes empresarios de Heidelberg<\/a> visitaron.<i> el internado de Kurpfalz en el marco del proyecto \u00abWJ Karriere Kompass\u00bb. El objetivo del evento era proporcionar a los estudiantes, a trav\u00e9s de historias de \u00e9xito personal, una visi\u00f3n pr\u00e1ctica de diferentes trayectorias profesionales y apoyarlos en su propio camino. En este sentido, los Junior Empresarios hicieron hincapi\u00e9 en un intercambio abierto y honesto en igualdad de condiciones.  <\/i><\/p>\n\n<p>Los Juniors Empresariales son aproximadamente 10,000 empresarios, empresarias y directivos menores de 40 a\u00f1os. Est\u00e1n conectados globalmente y presentes a nivel local como la red m\u00e1s grande de j\u00f3venes empresarios en Alemania, con alrededor de 215 grupos de miembros. El \u00abWJ Karriere Kompass\u00bb es organizado por el grupo de miembros de Heidelberg.  <\/p>\n\n<p><strong>Conocer y Saludar<\/strong><\/p>\n\n<p>Seis ponentes comprometidos compartieron sus trayectorias profesionales personales con los alumnos. En grupos peque\u00f1os, cada dos de ellos presentaron sus caminos profesionales individuales, contaron sobre los desaf\u00edos, \u00e9xitos y decisiones importantes. Se cre\u00f3 intencionalmente una atm\u00f3sfera relajada, en la que los estudiantes pod\u00edan hacer preguntas libremente y obtener una visi\u00f3n honesta de la vida laboral de los ponentes.  <\/p>\n\n<p>Despu\u00e9s de las conferencias, se present\u00f3 la oportunidad de mantener conversaciones personales en el caf\u00e9 de los estudiantes, con pizza y bebidas fr\u00edas. Aqu\u00ed, los J\u00f3venes Empresarios se reunieron con los estudiantes en un ambiente de igualdad, compartiendo m\u00e1s experiencias y estando disponibles para preguntas individuales. Se generaron discusiones interesantes, caracterizadas por el inter\u00e9s mutuo y la apertura. La atm\u00f3sfera relajada se anim\u00f3 a\u00fan m\u00e1s con m\u00fasica y una partida espont\u00e1nea de futbol\u00edn. El ambiente era tan bueno que se decidi\u00f3 extender el evento.    <\/p>\n\n<p>De invitados estaban:<\/p>\n\n<ul class=\"wp-block-list\">\n<li>Vincent Fischer (consultor empresarial y Co-CEO de Modell Aachen GmbH)<\/li>\n\n\n\n<li>Benjamin Sharif (auditor y consultor de ESG, Xcellence GmbH WPG)<\/li>\n\n\n\n<li>Julia Staudenmaier (Asesora fiscal Asesor\u00eda fiscal Staudenmaier GmbH)<\/li>\n\n\n\n<li>Anton Berizzi (auditor y asesor fiscal de KEIPER &amp; Co. KG WPG, STBG)<\/li>\n\n\n\n<li>Tobias Philippi (Jefe de Ventas DACH en DAZN Group)<\/li>\n\n\n\n<li>Paul Muck (Director General de Muck Automotive GmbH)<\/li>\n<\/ul>\n\n<p>El internado Kurpfalz tuvo el honor de servir como proyecto piloto del \u00abWJ Karriere Kompass\u00bb. El evento fue un gran \u00e9xito y proporcion\u00f3 tanto a los j\u00f3venes empresarios como a los estudiantes valiosos nuevos impulsos. El \u00abWJ Karriere Kompass\u00bb ha demostrado una vez m\u00e1s cu\u00e1n importante es el intercambio entre la econom\u00eda y los talentos emergentes, \u00a1una enriquecedora experiencia para ambas partes! Debido al gran \u00e9xito, los j\u00f3venes empresarios de Heidelberg deber\u00edan definitivamente ofrecer el evento en muchas m\u00e1s escuelas. Esperamos vernos de nuevo el pr\u00f3ximo a\u00f1o.    <\/p>\n","protected":false},"excerpt":{"rendered":"<p>Los junior empresariales de Heidelberg visitan el internado de Kurpfalz en el marco del proyecto \u00abWJ Karriere Kompass\u00bb.<\/p>\n","protected":false},"author":1,"featured_media":25298,"comment_status":"closed","ping_status":"closed","sticky":false,"template":"","format":"standard","meta":{"_acf_changed":false,"_yoast_wpseo_title":"Intercambio exitoso: Junior Empresarios de Heidelberg de visita","_yoast_wpseo_metadesc":"Los J\u00f3venes Empresarios de Heidelberg visitan el Internado Kurpfalz en el marco del proyecto \"WJ Carrera Comp\u00e1s\".","excerpt":"Los J\u00f3venes Empresarios de Heidelberg visitan el Internado Kurpfalz en el marco del proyecto \"WJ Carrera Comp\u00e1s\".","footnotes":""},"categories":[23],"tags":[],"class_list":{"0":"post-48100","1":"post","2":"type-post","3":"status-publish","4":"format-standard","5":"has-post-thumbnail","7":"category-noticias-de-kurpfalz"},"acf":[],"yoast_head":"<!-- This site is optimized with the Yoast SEO plugin v26.9 - https:\/\/yoast.com\/product\/yoast-seo-wordpress\/ -->\n<title>Intercambio exitoso: Junior Empresarios de Heidelberg de visita<\/title>\n<meta name=\"description\" content=\"Los J\u00f3venes Empresarios de Heidelberg visitan el Internado Kurpfalz en el marco del proyecto &quot;WJ Carrera Comp\u00e1s&quot;.\" \/>\n<meta name=\"robots\" content=\"index, follow, max-snippet:-1, max-image-preview:large, max-video-preview:-1\" \/>\n<link rel=\"canonical\" href=\"https:\/\/www.kurpfalz-internat.de\/es\/intercambio-exitoso-junior-empresarios-de-heidelberg-de-visita\" \/>\n<meta property=\"og:locale\" content=\"es_ES\" \/>\n<meta property=\"og:type\" content=\"article\" \/>\n<meta property=\"og:title\" content=\"Intercambio exitoso: Junior Empresarios de Heidelberg de visita\" \/>\n<meta property=\"og:description\" content=\"Los J\u00f3venes Empresarios de Heidelberg visitan el Internado Kurpfalz en el marco del proyecto &quot;WJ Carrera Comp\u00e1s&quot;.\" \/>\n<meta property=\"og:url\" content=\"https:\/\/www.kurpfalz-internat.de\/es\/intercambio-exitoso-junior-empresarios-de-heidelberg-de-visita\" \/>\n<meta property=\"og:site_name\" content=\"Kurpfalz Internat\" \/>\n<meta property=\"article:published_time\" content=\"2025-01-27T11:47:15+00:00\" \/>\n<meta property=\"article:modified_time\" content=\"2026-01-27T10:51:55+00:00\" \/>\n<meta name=\"author\" content=\"Schloss Torgelow\" \/>\n<meta name=\"twitter:card\" content=\"summary_large_image\" \/>\n<meta name=\"twitter:label1\" content=\"Escrito por\" \/>\n\t<meta name=\"twitter:data1\" content=\"Schloss Torgelow\" \/>\n\t<meta name=\"twitter:label2\" content=\"Tiempo de lectura\" \/>\n\t<meta name=\"twitter:data2\" content=\"2 minuto\" \/>\n<script type=\"application\/ld+json\" class=\"yoast-schema-graph\">{\"@context\":\"https:\/\/schema.org\",\"@graph\":[{\"@type\":\"Article\",\"@id\":\"https:\/\/www.kurpfalz-internat.de\/es\/intercambio-exitoso-junior-empresarios-de-heidelberg-de-visita#article\",\"isPartOf\":{\"@id\":\"https:\/\/www.kurpfalz-internat.de\/es\/intercambio-exitoso-junior-empresarios-de-heidelberg-de-visita\"},\"author\":{\"name\":\"Schloss Torgelow\",\"@id\":\"https:\/\/www.kurpfalz-internat.de\/es#\/schema\/person\/b76bbb367f3a20c7ced1339e4875691e\"},\"headline\":\"Intercambio exitoso: Junior Empresarios de Heidelberg de visita\",\"datePublished\":\"2025-01-27T11:47:15+00:00\",\"dateModified\":\"2026-01-27T10:51:55+00:00\",\"mainEntityOfPage\":{\"@id\":\"https:\/\/www.kurpfalz-internat.de\/es\/intercambio-exitoso-junior-empresarios-de-heidelberg-de-visita\"},\"wordCount\":453,\"image\":{\"@id\":\"https:\/\/www.kurpfalz-internat.de\/es\/intercambio-exitoso-junior-empresarios-de-heidelberg-de-visita#primaryimage\"},\"thumbnailUrl\":\"https:\/\/www.kurpfalz-internat.de\/wp-content\/uploads\/sites\/2\/2025\/09\/wirtschaftsjunioren-2025_header_st.avif\",\"articleSection\":[\"Noticias de Kurpfalz\"],\"inLanguage\":\"es\"},{\"@type\":\"WebPage\",\"@id\":\"https:\/\/www.kurpfalz-internat.de\/es\/intercambio-exitoso-junior-empresarios-de-heidelberg-de-visita#webpage\",\"url\":\"https:\/\/www.kurpfalz-internat.de\/es\/intercambio-exitoso-junior-empresarios-de-heidelberg-de-visita\",\"name\":\"Intercambio exitoso: Junior Empresarios de Heidelberg de visita\",\"isPartOf\":{\"@id\":\"https:\/\/www.kurpfalz-internat.de\/es#website\"},\"primaryImageOfPage\":{\"@id\":\"https:\/\/www.kurpfalz-internat.de\/es\/intercambio-exitoso-junior-empresarios-de-heidelberg-de-visita#primaryimage\"},\"image\":{\"@id\":\"https:\/\/www.kurpfalz-internat.de\/es\/intercambio-exitoso-junior-empresarios-de-heidelberg-de-visita#primaryimage\"},\"thumbnailUrl\":\"https:\/\/www.kurpfalz-internat.de\/wp-content\/uploads\/sites\/2\/2025\/09\/wirtschaftsjunioren-2025_header_st.avif\",\"datePublished\":\"2025-01-27T11:47:15+00:00\",\"dateModified\":\"2026-01-27T10:51:55+00:00\",\"author\":{\"@id\":\"https:\/\/www.kurpfalz-internat.de\/es#\/schema\/person\/b76bbb367f3a20c7ced1339e4875691e\"},\"description\":\"Los J\u00f3venes Empresarios de Heidelberg visitan el Internado Kurpfalz en el marco del proyecto \\\"WJ Carrera Comp\u00e1s\\\".\",\"breadcrumb\":{\"@id\":\"https:\/\/www.kurpfalz-internat.de\/es\/intercambio-exitoso-junior-empresarios-de-heidelberg-de-visita#breadcrumb\"},\"inLanguage\":\"es\",\"potentialAction\":[{\"@type\":\"ReadAction\",\"target\":[\"https:\/\/www.kurpfalz-internat.de\/es\/intercambio-exitoso-junior-empresarios-de-heidelberg-de-visita\"]}]},{\"@type\":\"ImageObject\",\"inLanguage\":\"es\",\"@id\":\"https:\/\/www.kurpfalz-internat.de\/es\/intercambio-exitoso-junior-empresarios-de-heidelberg-de-visita#primaryimage\",\"url\":\"https:\/\/www.kurpfalz-internat.de\/wp-content\/uploads\/sites\/2\/2025\/09\/wirtschaftsjunioren-2025_header_st.avif\",\"contentUrl\":\"https:\/\/www.kurpfalz-internat.de\/wp-content\/uploads\/sites\/2\/2025\/09\/wirtschaftsjunioren-2025_header_st.avif\",\"width\":1920,\"height\":1080,\"caption\":\"Intercambio exitoso: Junior Empresarios de Heidelberg de visita\"},{\"@type\":\"BreadcrumbList\",\"@id\":\"https:\/\/www.kurpfalz-internat.de\/es\/intercambio-exitoso-junior-empresarios-de-heidelberg-de-visita#breadcrumb\",\"itemListElement\":[{\"@type\":\"ListItem\",\"position\":1,\"name\":\"Startseite\",\"item\":\"https:\/\/www.kurpfalz-internat.de\/es\"},{\"@type\":\"ListItem\",\"position\":2,\"name\":\"Intercambio exitoso: Junior Empresarios de Heidelberg de visita\"}]},{\"@type\":\"WebSite\",\"@id\":\"https:\/\/www.kurpfalz-internat.de\/es#website\",\"url\":\"https:\/\/www.kurpfalz-internat.de\/es\",\"name\":\"Kurpfalz Internat\",\"description\":\"El internado privado Kurpfalz con escuela secundaria y escuela t\u00e9cnica \u2013 para estudiantes que buscan un desaf\u00edo.\",\"potentialAction\":[{\"@type\":\"SearchAction\",\"target\":{\"@type\":\"EntryPoint\",\"urlTemplate\":\"https:\/\/www.kurpfalz-internat.de\/es?s={search_term_string}\"},\"query-input\":{\"@type\":\"PropertyValueSpecification\",\"valueRequired\":true,\"valueName\":\"search_term_string\"}}],\"inLanguage\":\"es\"},{\"@type\":\"Person\",\"@id\":\"https:\/\/www.kurpfalz-internat.de\/es#\/schema\/person\/b76bbb367f3a20c7ced1339e4875691e\",\"name\":\"Schloss Torgelow\",\"image\":{\"@type\":\"ImageObject\",\"inLanguage\":\"es\",\"@id\":\"https:\/\/www.kurpfalz-internat.de\/es#\/schema\/person\/image\/\",\"url\":\"https:\/\/secure.gravatar.com\/avatar\/4bad9bf1bee90f77b98693d3ad03ade085c80c169595427c58c58e5b069f49e1?s=96&d=mm&r=g\",\"contentUrl\":\"https:\/\/secure.gravatar.com\/avatar\/4bad9bf1bee90f77b98693d3ad03ade085c80c169595427c58c58e5b069f49e1?s=96&d=mm&r=g\",\"caption\":\"Schloss Torgelow\"},\"sameAs\":[\"https:\/\/www.schlosstorgelow.de\"]}]}<\/script>\n<!-- \/ Yoast SEO plugin. -->","yoast_head_json":{"title":"Intercambio exitoso: Junior Empresarios de Heidelberg de visita","description":"Los J\u00f3venes Empresarios de Heidelberg visitan el Internado Kurpfalz en el marco del proyecto \"WJ Carrera Comp\u00e1s\".","robots":{"index":"index","follow":"follow","max-snippet":"max-snippet:-1","max-image-preview":"max-image-preview:large","max-video-preview":"max-video-preview:-1"},"canonical":"https:\/\/www.kurpfalz-internat.de\/es\/intercambio-exitoso-junior-empresarios-de-heidelberg-de-visita","og_locale":"es_ES","og_type":"article","og_title":"Intercambio exitoso: Junior Empresarios de Heidelberg de visita","og_description":"Los J\u00f3venes Empresarios de Heidelberg visitan el Internado Kurpfalz en el marco del proyecto \"WJ Carrera Comp\u00e1s\".","og_url":"https:\/\/www.kurpfalz-internat.de\/es\/intercambio-exitoso-junior-empresarios-de-heidelberg-de-visita","og_site_name":"Kurpfalz Internat","article_published_time":"2025-01-27T11:47:15+00:00","article_modified_time":"2026-01-27T10:51:55+00:00","author":"Schloss Torgelow","twitter_card":"summary_large_image","twitter_misc":{"Escrito por":"Schloss Torgelow","Tiempo de lectura":"2 minuto"},"schema":{"@context":"https:\/\/schema.org","@graph":[{"@type":"Article","@id":"https:\/\/www.kurpfalz-internat.de\/es\/intercambio-exitoso-junior-empresarios-de-heidelberg-de-visita#article","isPartOf":{"@id":"https:\/\/www.kurpfalz-internat.de\/es\/intercambio-exitoso-junior-empresarios-de-heidelberg-de-visita"},"author":{"name":"Schloss Torgelow","@id":"https:\/\/www.kurpfalz-internat.de\/es#\/schema\/person\/b76bbb367f3a20c7ced1339e4875691e"},"headline":"Intercambio exitoso: Junior Empresarios de Heidelberg de visita","datePublished":"2025-01-27T11:47:15+00:00","dateModified":"2026-01-27T10:51:55+00:00","mainEntityOfPage":{"@id":"https:\/\/www.kurpfalz-internat.de\/es\/intercambio-exitoso-junior-empresarios-de-heidelberg-de-visita"},"wordCount":453,"image":{"@id":"https:\/\/www.kurpfalz-internat.de\/es\/intercambio-exitoso-junior-empresarios-de-heidelberg-de-visita#primaryimage"},"thumbnailUrl":"https:\/\/www.kurpfalz-internat.de\/wp-content\/uploads\/sites\/2\/2025\/09\/wirtschaftsjunioren-2025_header_st.avif","articleSection":["Noticias de Kurpfalz"],"inLanguage":"es"},{"@type":"WebPage","@id":"https:\/\/www.kurpfalz-internat.de\/es\/intercambio-exitoso-junior-empresarios-de-heidelberg-de-visita#webpage","url":"https:\/\/www.kurpfalz-internat.de\/es\/intercambio-exitoso-junior-empresarios-de-heidelberg-de-visita","name":"Intercambio exitoso: Junior Empresarios de Heidelberg de visita","isPartOf":{"@id":"https:\/\/www.kurpfalz-internat.de\/es#website"},"primaryImageOfPage":{"@id":"https:\/\/www.kurpfalz-internat.de\/es\/intercambio-exitoso-junior-empresarios-de-heidelberg-de-visita#primaryimage"},"image":{"@id":"https:\/\/www.kurpfalz-internat.de\/es\/intercambio-exitoso-junior-empresarios-de-heidelberg-de-visita#primaryimage"},"thumbnailUrl":"https:\/\/www.kurpfalz-internat.de\/wp-content\/uploads\/sites\/2\/2025\/09\/wirtschaftsjunioren-2025_header_st.avif","datePublished":"2025-01-27T11:47:15+00:00","dateModified":"2026-01-27T10:51:55+00:00","author":{"@id":"https:\/\/www.kurpfalz-internat.de\/es#\/schema\/person\/b76bbb367f3a20c7ced1339e4875691e"},"description":"Los J\u00f3venes Empresarios de Heidelberg visitan el Internado Kurpfalz en el marco del proyecto \"WJ Carrera Comp\u00e1s\".","breadcrumb":{"@id":"https:\/\/www.kurpfalz-internat.de\/es\/intercambio-exitoso-junior-empresarios-de-heidelberg-de-visita#breadcrumb"},"inLanguage":"es","potentialAction":[{"@type":"ReadAction","target":["https:\/\/www.kurpfalz-internat.de\/es\/intercambio-exitoso-junior-empresarios-de-heidelberg-de-visita"]}]},{"@type":"ImageObject","inLanguage":"es","@id":"https:\/\/www.kurpfalz-internat.de\/es\/intercambio-exitoso-junior-empresarios-de-heidelberg-de-visita#primaryimage","url":"https:\/\/www.kurpfalz-internat.de\/wp-content\/uploads\/sites\/2\/2025\/09\/wirtschaftsjunioren-2025_header_st.avif","contentUrl":"https:\/\/www.kurpfalz-internat.de\/wp-content\/uploads\/sites\/2\/2025\/09\/wirtschaftsjunioren-2025_header_st.avif","width":1920,"height":1080,"caption":"Intercambio exitoso: Junior Empresarios de Heidelberg de visita"},{"@type":"BreadcrumbList","@id":"https:\/\/www.kurpfalz-internat.de\/es\/intercambio-exitoso-junior-empresarios-de-heidelberg-de-visita#breadcrumb","itemListElement":[{"@type":"ListItem","position":1,"name":"Startseite","item":"https:\/\/www.kurpfalz-internat.de\/es"},{"@type":"ListItem","position":2,"name":"Intercambio exitoso: Junior Empresarios de Heidelberg de visita"}]},{"@type":"WebSite","@id":"https:\/\/www.kurpfalz-internat.de\/es#website","url":"https:\/\/www.kurpfalz-internat.de\/es","name":"Kurpfalz Internat","description":"El internado privado Kurpfalz con escuela secundaria y escuela t\u00e9cnica \u2013 para estudiantes que buscan un desaf\u00edo.","potentialAction":[{"@type":"SearchAction","target":{"@type":"EntryPoint","urlTemplate":"https:\/\/www.kurpfalz-internat.de\/es?s={search_term_string}"},"query-input":{"@type":"PropertyValueSpecification","valueRequired":true,"valueName":"search_term_string"}}],"inLanguage":"es"},{"@type":"Person","@id":"https:\/\/www.kurpfalz-internat.de\/es#\/schema\/person\/b76bbb367f3a20c7ced1339e4875691e","name":"Schloss Torgelow","image":{"@type":"ImageObject","inLanguage":"es","@id":"https:\/\/www.kurpfalz-internat.de\/es#\/schema\/person\/image\/","url":"https:\/\/secure.gravatar.com\/avatar\/4bad9bf1bee90f77b98693d3ad03ade085c80c169595427c58c58e5b069f49e1?s=96&d=mm&r=g","contentUrl":"https:\/\/secure.gravatar.com\/avatar\/4bad9bf1bee90f77b98693d3ad03ade085c80c169595427c58c58e5b069f49e1?s=96&d=mm&r=g","caption":"Schloss Torgelow"},"sameAs":["https:\/\/www.schlosstorgelow.de"]}]}},"block_visibility_meta":[],"_links":{"self":[{"href":"https:\/\/www.kurpfalz-internat.de\/es\/wp-json\/wp\/v2\/posts\/48100","targetHints":{"allow":["GET"]}}],"collection":[{"href":"https:\/\/www.kurpfalz-internat.de\/es\/wp-json\/wp\/v2\/posts"}],"about":[{"href":"https:\/\/www.kurpfalz-internat.de\/es\/wp-json\/wp\/v2\/types\/post"}],"author":[{"embeddable":true,"href":"https:\/\/www.kurpfalz-internat.de\/es\/wp-json\/wp\/v2\/users\/1"}],"replies":[{"embeddable":true,"href":"https:\/\/www.kurpfalz-internat.de\/es\/wp-json\/wp\/v2\/comments?post=48100"}],"version-history":[{"count":2,"href":"https:\/\/www.kurpfalz-internat.de\/es\/wp-json\/wp\/v2\/posts\/48100\/revisions"}],"predecessor-version":[{"id":50287,"href":"https:\/\/www.kurpfalz-internat.de\/es\/wp-json\/wp\/v2\/posts\/48100\/revisions\/50287"}],"wp:featuredmedia":[{"embeddable":true,"href":"https:\/\/www.kurpfalz-internat.de\/es\/wp-json\/wp\/v2\/media\/25298"}],"wp:attachment":[{"href":"https:\/\/www.kurpfalz-internat.de\/es\/wp-json\/wp\/v2\/media?parent=48100"}],"wp:term":[{"taxonomy":"category","embeddable":true,"href":"https:\/\/www.kurpfalz-internat.de\/es\/wp-json\/wp\/v2\/categories?post=48100"},{"taxonomy":"post_tag","embeddable":true,"href":"https:\/\/www.kurpfalz-internat.de\/es\/wp-json\/wp\/v2\/tags?post=48100"}],"curies":[{"name":"wp","href":"https:\/\/api.w.org\/{rel}","templated":true}]}}