{"id":48150,"date":"2025-02-17T11:02:15","date_gmt":"2025-02-17T11:02:15","guid":{"rendered":"https:\/\/www.kurpfalz-internat.de\/de-gaiberg-a-bammental-como-todo-comenzo"},"modified":"2026-01-27T10:51:53","modified_gmt":"2026-01-27T10:51:53","slug":"de-gaiberg-a-bammental-como-todo-comenzo","status":"publish","type":"post","link":"https:\/\/www.kurpfalz-internat.de\/es\/de-gaiberg-a-bammental-como-todo-comenzo","title":{"rendered":"De Gaiberg a Bammental &#8211; c\u00f3mo todo comenz\u00f3"},"content":{"rendered":"\n<p><i>C\u00f3mo una antigua villa en Bammental se convirti\u00f3 en un moderno lugar de aprendizaje: La mirada hacia nuestros inicios muestra c\u00f3mo ha crecido el internado Kurpfalz &#8211; en espacio, digitalmente y en esp\u00edritu. Entonces como ahora, se trata de una cosa: espacio para aprender, vivir y el futuro. <\/i><\/p>\n\n<p><strong>Antes<\/strong><\/p>\n\n<p>Cuando el internado de Kurpfalz fue fundado en 1961 en Gaiberg, las clases se impart\u00edan inicialmente sobre una taberna. R\u00e1pidamente creci\u00f3 el deseo de contar con m\u00e1s espacio para la ense\u00f1anza y la vida en el internado. <\/p>\n\n<p>En 1968, Erna Lehmann, la fundadora del internado Kurpfalz, adquiri\u00f3 un terreno con un antiguo edificio en Bammental. Solo un a\u00f1o despu\u00e9s, en 1969, el internado se traslad\u00f3 a Bammental. La hist\u00f3rica villa se convirti\u00f3 en el nuevo centro de la vida del internado. Se cre\u00f3 espacio para 70 estudiantes. En el mismo a\u00f1o, tambi\u00e9n tuvo lugar por primera vez el curso de vacaciones, nuestra actual <a href=\"https:\/\/www.kurpfalz-internat.de\/es\/cursos-en-la-escuela-de-verano\">Summer School<\/a>.    <\/p>\n\n<p>En la imagen se puede ver la villa y la entonces \u00abnueva\u00bb escuela. Y en el medio: Mario Lehmann. \u00c9l ayud\u00f3 activamente en la remodelaci\u00f3n.  <\/p>\n\n<p><strong>\u00bfY hoy?<\/strong><\/p>\n\n<p>La toma a\u00e9rea de dron lo muestra de manera impresionante: junto a la hist\u00f3rica villa y la entonces \u00abvieja escuela\u00bb, hoy se encuentra el nuevo edificio escolar del Internado Kurpfalz. Alberga modernas aulas de ciencias naturales, un atrio ba\u00f1ado en luz como lugar de encuentro central y aulas y laboratorios completamente equipados de forma digital. Las pantallas interactivas ya son un est\u00e1ndar para nosotros. As\u00ed, el Internado Kurpfalz une historia con el presente y crea un espacio para el aprendizaje, la investigaci\u00f3n y el crecimiento en com\u00fan.   <\/p>\n\n<figure class=\"wp-block-embed is-type-video is-provider-vimeo wp-block-embed-vimeo wp-embed-aspect-16-9 wp-has-aspect-ratio\"><div class=\"wp-block-embed__wrapper\">\n\n    <div class=\"video-facade content-video-facade\" data-video-id=\"1084532699\" data-provider=\"vimeo\" data-original-iframe=\"&lt;iframe title=&quot;Kurpfalz Internat | Drohnenflug \u00fcber den Campus&quot; src=&quot;https:\/\/player.vimeo.com\/video\/1084532699?dnt=1&amp;app_id=122963&#038;dnt=1&quot; width=&quot;640&quot; height=&quot;360&quot; frameborder=&quot;0&quot; allow=&quot;autoplay; fullscreen; picture-in-picture; clipboard-write; encrypted-media; web-share&quot; referrerpolicy=&quot;strict-origin-when-cross-origin&quot;&gt;&lt;\/iframe&gt;\" width=\"640\" height=\"360\">\n        <img decoding=\"async\" src=\"https:\/\/i.vimeocdn.com\/video\/2015962446-01ece656dbc364bd3b21f317659fb6a26b5f27f84bef5e589dcaadab8f571f7b-d?region=us&#038;mw=1280&#038;mh=720&#038;q=100\" alt=\"Video thumbnail\" loading=\"lazy\">\n        <button class=\"video-play-button\" aria-label=\"Play video\">\n            <svg width=\"68\" height=\"48\" viewBox=\"0 0 68 48\"><path d=\"M66.52 7.74c-.78-2.93-2.49-5.41-5.42-6.19C55.79.13 34 0 34 0S12.21.13 6.9 1.55c-2.93.78-4.63 3.26-5.42 6.19C.06 13.05 0 24 0 24s.06 10.95 1.48 16.26c.78 2.93 2.49 5.41 5.42 6.19C12.21 47.87 34 48 34 48s21.79-.13 27.1-1.55c2.93-.78 4.64-3.26 5.42-6.19C67.94 34.95 68 24 68 24s-.06-10.95-1.48-16.26z\" fill=\"red\"\/><path d=\"M45 24L27 14v20\" fill=\"white\"\/><\/svg>\n        <\/button>\n        <div class=\"video-consent-notice\" style=\"display: none;\">\n            <p class=\"video-consent-text first-attempt\">To watch the video, you need to accept cookies.<\/p>\n            <p class=\"video-consent-text try-again\">Cookies have not been accepted yet. Please accept cookies first and try again.<\/p>\n            <button class=\"check-cookies-btn\">Check Cookies<\/button>\n        <\/div>\n    <\/div>\n<\/div><\/figure>\n","protected":false},"excerpt":{"rendered":"<p>C\u00f3mo una antigua villa en Bammental se convirti\u00f3 en un lugar de aprendizaje moderno: La retrospectiva de nuestros comienzos muestra c\u00f3mo ha crecido el internado Kurpfalz &#8211; en espacio, digitalmente y en esp\u00edritu.<\/p>\n","protected":false},"author":1,"featured_media":25275,"comment_status":"closed","ping_status":"closed","sticky":false,"template":"","format":"standard","meta":{"_acf_changed":false,"_yoast_wpseo_title":"De Gaiberg a Bammental - c\u00f3mo todo comenz\u00f3","_yoast_wpseo_metadesc":"C\u00f3mo de una antigua villa se convirti\u00f3 en un moderno lugar de aprendizaje: La retrospectiva de nuestros inicios muestra c\u00f3mo ha crecido el internado Kurpfalz.","excerpt":"C\u00f3mo una antigua villa en Bammental se convirti\u00f3 en un lugar de aprendizaje moderno: La retrospectiva de nuestros comienzos muestra c\u00f3mo ha crecido el internado Kurpfalz - en espacio, digitalmente y en esp\u00edritu.","footnotes":""},"categories":[23],"tags":[],"class_list":{"0":"post-48150","1":"post","2":"type-post","3":"status-publish","4":"format-standard","5":"has-post-thumbnail","7":"category-noticias-de-kurpfalz"},"acf":[],"yoast_head":"<!-- This site is optimized with the Yoast SEO plugin v26.9 - https:\/\/yoast.com\/product\/yoast-seo-wordpress\/ -->\n<title>De Gaiberg a Bammental - c\u00f3mo todo comenz\u00f3<\/title>\n<meta name=\"description\" content=\"C\u00f3mo de una antigua villa se convirti\u00f3 en un moderno lugar de aprendizaje: La retrospectiva de nuestros inicios muestra c\u00f3mo ha crecido el internado Kurpfalz.\" \/>\n<meta name=\"robots\" content=\"index, follow, max-snippet:-1, max-image-preview:large, max-video-preview:-1\" \/>\n<link rel=\"canonical\" href=\"https:\/\/www.kurpfalz-internat.de\/es\/de-gaiberg-a-bammental-como-todo-comenzo\" \/>\n<meta property=\"og:locale\" content=\"es_ES\" \/>\n<meta property=\"og:type\" content=\"article\" \/>\n<meta property=\"og:title\" content=\"De Gaiberg a Bammental - c\u00f3mo todo comenz\u00f3\" \/>\n<meta property=\"og:description\" content=\"C\u00f3mo de una antigua villa se convirti\u00f3 en un moderno lugar de aprendizaje: La retrospectiva de nuestros inicios muestra c\u00f3mo ha crecido el internado Kurpfalz.\" \/>\n<meta property=\"og:url\" content=\"https:\/\/www.kurpfalz-internat.de\/es\/de-gaiberg-a-bammental-como-todo-comenzo\" \/>\n<meta property=\"og:site_name\" content=\"Kurpfalz Internat\" \/>\n<meta property=\"article:published_time\" content=\"2025-02-17T11:02:15+00:00\" \/>\n<meta property=\"article:modified_time\" content=\"2026-01-27T10:51:53+00:00\" \/>\n<meta name=\"author\" content=\"Schloss Torgelow\" \/>\n<meta name=\"twitter:card\" content=\"summary_large_image\" \/>\n<meta name=\"twitter:label1\" content=\"Escrito por\" \/>\n\t<meta name=\"twitter:data1\" content=\"Schloss Torgelow\" \/>\n\t<meta name=\"twitter:label2\" content=\"Tiempo de lectura\" \/>\n\t<meta name=\"twitter:data2\" content=\"1 minuto\" \/>\n<script type=\"application\/ld+json\" class=\"yoast-schema-graph\">{\"@context\":\"https:\/\/schema.org\",\"@graph\":[{\"@type\":\"Article\",\"@id\":\"https:\/\/www.kurpfalz-internat.de\/es\/de-gaiberg-a-bammental-como-todo-comenzo#article\",\"isPartOf\":{\"@id\":\"https:\/\/www.kurpfalz-internat.de\/es\/de-gaiberg-a-bammental-como-todo-comenzo\"},\"author\":{\"name\":\"Schloss Torgelow\",\"@id\":\"https:\/\/www.kurpfalz-internat.de\/es#\/schema\/person\/b76bbb367f3a20c7ced1339e4875691e\"},\"headline\":\"De Gaiberg a Bammental &#8211; c\u00f3mo todo comenz\u00f3\",\"datePublished\":\"2025-02-17T11:02:15+00:00\",\"dateModified\":\"2026-01-27T10:51:53+00:00\",\"mainEntityOfPage\":{\"@id\":\"https:\/\/www.kurpfalz-internat.de\/es\/de-gaiberg-a-bammental-como-todo-comenzo\"},\"wordCount\":298,\"image\":{\"@id\":\"https:\/\/www.kurpfalz-internat.de\/es\/de-gaiberg-a-bammental-como-todo-comenzo#primaryimage\"},\"thumbnailUrl\":\"https:\/\/www.kurpfalz-internat.de\/wp-content\/uploads\/sites\/2\/2025\/09\/frueher-heute_header_st.avif\",\"articleSection\":[\"Noticias de Kurpfalz\"],\"inLanguage\":\"es\"},{\"@type\":\"WebPage\",\"@id\":\"https:\/\/www.kurpfalz-internat.de\/es\/de-gaiberg-a-bammental-como-todo-comenzo#webpage\",\"url\":\"https:\/\/www.kurpfalz-internat.de\/es\/de-gaiberg-a-bammental-como-todo-comenzo\",\"name\":\"De Gaiberg a Bammental - c\u00f3mo todo comenz\u00f3\",\"isPartOf\":{\"@id\":\"https:\/\/www.kurpfalz-internat.de\/es#website\"},\"primaryImageOfPage\":{\"@id\":\"https:\/\/www.kurpfalz-internat.de\/es\/de-gaiberg-a-bammental-como-todo-comenzo#primaryimage\"},\"image\":{\"@id\":\"https:\/\/www.kurpfalz-internat.de\/es\/de-gaiberg-a-bammental-como-todo-comenzo#primaryimage\"},\"thumbnailUrl\":\"https:\/\/www.kurpfalz-internat.de\/wp-content\/uploads\/sites\/2\/2025\/09\/frueher-heute_header_st.avif\",\"datePublished\":\"2025-02-17T11:02:15+00:00\",\"dateModified\":\"2026-01-27T10:51:53+00:00\",\"author\":{\"@id\":\"https:\/\/www.kurpfalz-internat.de\/es#\/schema\/person\/b76bbb367f3a20c7ced1339e4875691e\"},\"description\":\"C\u00f3mo de una antigua villa se convirti\u00f3 en un moderno lugar de aprendizaje: La retrospectiva de nuestros inicios muestra c\u00f3mo ha crecido el internado Kurpfalz.\",\"breadcrumb\":{\"@id\":\"https:\/\/www.kurpfalz-internat.de\/es\/de-gaiberg-a-bammental-como-todo-comenzo#breadcrumb\"},\"inLanguage\":\"es\",\"potentialAction\":[{\"@type\":\"ReadAction\",\"target\":[\"https:\/\/www.kurpfalz-internat.de\/es\/de-gaiberg-a-bammental-como-todo-comenzo\"]}]},{\"@type\":\"ImageObject\",\"inLanguage\":\"es\",\"@id\":\"https:\/\/www.kurpfalz-internat.de\/es\/de-gaiberg-a-bammental-como-todo-comenzo#primaryimage\",\"url\":\"https:\/\/www.kurpfalz-internat.de\/wp-content\/uploads\/sites\/2\/2025\/09\/frueher-heute_header_st.avif\",\"contentUrl\":\"https:\/\/www.kurpfalz-internat.de\/wp-content\/uploads\/sites\/2\/2025\/09\/frueher-heute_header_st.avif\",\"width\":1920,\"height\":1080,\"caption\":\"De Gaiberg a Bammental - c\u00f3mo todo comenz\u00f3\"},{\"@type\":\"BreadcrumbList\",\"@id\":\"https:\/\/www.kurpfalz-internat.de\/es\/de-gaiberg-a-bammental-como-todo-comenzo#breadcrumb\",\"itemListElement\":[{\"@type\":\"ListItem\",\"position\":1,\"name\":\"Startseite\",\"item\":\"https:\/\/www.kurpfalz-internat.de\/es\"},{\"@type\":\"ListItem\",\"position\":2,\"name\":\"De Gaiberg a Bammental &#8211; c\u00f3mo todo comenz\u00f3\"}]},{\"@type\":\"WebSite\",\"@id\":\"https:\/\/www.kurpfalz-internat.de\/es#website\",\"url\":\"https:\/\/www.kurpfalz-internat.de\/es\",\"name\":\"Kurpfalz Internat\",\"description\":\"El internado privado Kurpfalz con escuela secundaria y escuela t\u00e9cnica \u2013 para estudiantes que buscan un desaf\u00edo.\",\"potentialAction\":[{\"@type\":\"SearchAction\",\"target\":{\"@type\":\"EntryPoint\",\"urlTemplate\":\"https:\/\/www.kurpfalz-internat.de\/es?s={search_term_string}\"},\"query-input\":{\"@type\":\"PropertyValueSpecification\",\"valueRequired\":true,\"valueName\":\"search_term_string\"}}],\"inLanguage\":\"es\"},{\"@type\":\"Person\",\"@id\":\"https:\/\/www.kurpfalz-internat.de\/es#\/schema\/person\/b76bbb367f3a20c7ced1339e4875691e\",\"name\":\"Schloss Torgelow\",\"image\":{\"@type\":\"ImageObject\",\"inLanguage\":\"es\",\"@id\":\"https:\/\/www.kurpfalz-internat.de\/es#\/schema\/person\/image\/\",\"url\":\"https:\/\/secure.gravatar.com\/avatar\/4bad9bf1bee90f77b98693d3ad03ade085c80c169595427c58c58e5b069f49e1?s=96&d=mm&r=g\",\"contentUrl\":\"https:\/\/secure.gravatar.com\/avatar\/4bad9bf1bee90f77b98693d3ad03ade085c80c169595427c58c58e5b069f49e1?s=96&d=mm&r=g\",\"caption\":\"Schloss Torgelow\"},\"sameAs\":[\"https:\/\/www.schlosstorgelow.de\"]}]}<\/script>\n<!-- \/ Yoast SEO plugin. -->","yoast_head_json":{"title":"De Gaiberg a Bammental - c\u00f3mo todo comenz\u00f3","description":"C\u00f3mo de una antigua villa se convirti\u00f3 en un moderno lugar de aprendizaje: La retrospectiva de nuestros inicios muestra c\u00f3mo ha crecido el internado Kurpfalz.","robots":{"index":"index","follow":"follow","max-snippet":"max-snippet:-1","max-image-preview":"max-image-preview:large","max-video-preview":"max-video-preview:-1"},"canonical":"https:\/\/www.kurpfalz-internat.de\/es\/de-gaiberg-a-bammental-como-todo-comenzo","og_locale":"es_ES","og_type":"article","og_title":"De Gaiberg a Bammental - c\u00f3mo todo comenz\u00f3","og_description":"C\u00f3mo de una antigua villa se convirti\u00f3 en un moderno lugar de aprendizaje: La retrospectiva de nuestros inicios muestra c\u00f3mo ha crecido el internado Kurpfalz.","og_url":"https:\/\/www.kurpfalz-internat.de\/es\/de-gaiberg-a-bammental-como-todo-comenzo","og_site_name":"Kurpfalz Internat","article_published_time":"2025-02-17T11:02:15+00:00","article_modified_time":"2026-01-27T10:51:53+00:00","author":"Schloss Torgelow","twitter_card":"summary_large_image","twitter_misc":{"Escrito por":"Schloss Torgelow","Tiempo de lectura":"1 minuto"},"schema":{"@context":"https:\/\/schema.org","@graph":[{"@type":"Article","@id":"https:\/\/www.kurpfalz-internat.de\/es\/de-gaiberg-a-bammental-como-todo-comenzo#article","isPartOf":{"@id":"https:\/\/www.kurpfalz-internat.de\/es\/de-gaiberg-a-bammental-como-todo-comenzo"},"author":{"name":"Schloss Torgelow","@id":"https:\/\/www.kurpfalz-internat.de\/es#\/schema\/person\/b76bbb367f3a20c7ced1339e4875691e"},"headline":"De Gaiberg a Bammental &#8211; c\u00f3mo todo comenz\u00f3","datePublished":"2025-02-17T11:02:15+00:00","dateModified":"2026-01-27T10:51:53+00:00","mainEntityOfPage":{"@id":"https:\/\/www.kurpfalz-internat.de\/es\/de-gaiberg-a-bammental-como-todo-comenzo"},"wordCount":298,"image":{"@id":"https:\/\/www.kurpfalz-internat.de\/es\/de-gaiberg-a-bammental-como-todo-comenzo#primaryimage"},"thumbnailUrl":"https:\/\/www.kurpfalz-internat.de\/wp-content\/uploads\/sites\/2\/2025\/09\/frueher-heute_header_st.avif","articleSection":["Noticias de Kurpfalz"],"inLanguage":"es"},{"@type":"WebPage","@id":"https:\/\/www.kurpfalz-internat.de\/es\/de-gaiberg-a-bammental-como-todo-comenzo#webpage","url":"https:\/\/www.kurpfalz-internat.de\/es\/de-gaiberg-a-bammental-como-todo-comenzo","name":"De Gaiberg a Bammental - c\u00f3mo todo comenz\u00f3","isPartOf":{"@id":"https:\/\/www.kurpfalz-internat.de\/es#website"},"primaryImageOfPage":{"@id":"https:\/\/www.kurpfalz-internat.de\/es\/de-gaiberg-a-bammental-como-todo-comenzo#primaryimage"},"image":{"@id":"https:\/\/www.kurpfalz-internat.de\/es\/de-gaiberg-a-bammental-como-todo-comenzo#primaryimage"},"thumbnailUrl":"https:\/\/www.kurpfalz-internat.de\/wp-content\/uploads\/sites\/2\/2025\/09\/frueher-heute_header_st.avif","datePublished":"2025-02-17T11:02:15+00:00","dateModified":"2026-01-27T10:51:53+00:00","author":{"@id":"https:\/\/www.kurpfalz-internat.de\/es#\/schema\/person\/b76bbb367f3a20c7ced1339e4875691e"},"description":"C\u00f3mo de una antigua villa se convirti\u00f3 en un moderno lugar de aprendizaje: La retrospectiva de nuestros inicios muestra c\u00f3mo ha crecido el internado Kurpfalz.","breadcrumb":{"@id":"https:\/\/www.kurpfalz-internat.de\/es\/de-gaiberg-a-bammental-como-todo-comenzo#breadcrumb"},"inLanguage":"es","potentialAction":[{"@type":"ReadAction","target":["https:\/\/www.kurpfalz-internat.de\/es\/de-gaiberg-a-bammental-como-todo-comenzo"]}]},{"@type":"ImageObject","inLanguage":"es","@id":"https:\/\/www.kurpfalz-internat.de\/es\/de-gaiberg-a-bammental-como-todo-comenzo#primaryimage","url":"https:\/\/www.kurpfalz-internat.de\/wp-content\/uploads\/sites\/2\/2025\/09\/frueher-heute_header_st.avif","contentUrl":"https:\/\/www.kurpfalz-internat.de\/wp-content\/uploads\/sites\/2\/2025\/09\/frueher-heute_header_st.avif","width":1920,"height":1080,"caption":"De Gaiberg a Bammental - c\u00f3mo todo comenz\u00f3"},{"@type":"BreadcrumbList","@id":"https:\/\/www.kurpfalz-internat.de\/es\/de-gaiberg-a-bammental-como-todo-comenzo#breadcrumb","itemListElement":[{"@type":"ListItem","position":1,"name":"Startseite","item":"https:\/\/www.kurpfalz-internat.de\/es"},{"@type":"ListItem","position":2,"name":"De Gaiberg a Bammental &#8211; c\u00f3mo todo comenz\u00f3"}]},{"@type":"WebSite","@id":"https:\/\/www.kurpfalz-internat.de\/es#website","url":"https:\/\/www.kurpfalz-internat.de\/es","name":"Kurpfalz Internat","description":"El internado privado Kurpfalz con escuela secundaria y escuela t\u00e9cnica \u2013 para estudiantes que buscan un desaf\u00edo.","potentialAction":[{"@type":"SearchAction","target":{"@type":"EntryPoint","urlTemplate":"https:\/\/www.kurpfalz-internat.de\/es?s={search_term_string}"},"query-input":{"@type":"PropertyValueSpecification","valueRequired":true,"valueName":"search_term_string"}}],"inLanguage":"es"},{"@type":"Person","@id":"https:\/\/www.kurpfalz-internat.de\/es#\/schema\/person\/b76bbb367f3a20c7ced1339e4875691e","name":"Schloss Torgelow","image":{"@type":"ImageObject","inLanguage":"es","@id":"https:\/\/www.kurpfalz-internat.de\/es#\/schema\/person\/image\/","url":"https:\/\/secure.gravatar.com\/avatar\/4bad9bf1bee90f77b98693d3ad03ade085c80c169595427c58c58e5b069f49e1?s=96&d=mm&r=g","contentUrl":"https:\/\/secure.gravatar.com\/avatar\/4bad9bf1bee90f77b98693d3ad03ade085c80c169595427c58c58e5b069f49e1?s=96&d=mm&r=g","caption":"Schloss Torgelow"},"sameAs":["https:\/\/www.schlosstorgelow.de"]}]}},"block_visibility_meta":[],"_links":{"self":[{"href":"https:\/\/www.kurpfalz-internat.de\/es\/wp-json\/wp\/v2\/posts\/48150","targetHints":{"allow":["GET"]}}],"collection":[{"href":"https:\/\/www.kurpfalz-internat.de\/es\/wp-json\/wp\/v2\/posts"}],"about":[{"href":"https:\/\/www.kurpfalz-internat.de\/es\/wp-json\/wp\/v2\/types\/post"}],"author":[{"embeddable":true,"href":"https:\/\/www.kurpfalz-internat.de\/es\/wp-json\/wp\/v2\/users\/1"}],"replies":[{"embeddable":true,"href":"https:\/\/www.kurpfalz-internat.de\/es\/wp-json\/wp\/v2\/comments?post=48150"}],"version-history":[{"count":1,"href":"https:\/\/www.kurpfalz-internat.de\/es\/wp-json\/wp\/v2\/posts\/48150\/revisions"}],"predecessor-version":[{"id":48151,"href":"https:\/\/www.kurpfalz-internat.de\/es\/wp-json\/wp\/v2\/posts\/48150\/revisions\/48151"}],"wp:featuredmedia":[{"embeddable":true,"href":"https:\/\/www.kurpfalz-internat.de\/es\/wp-json\/wp\/v2\/media\/25275"}],"wp:attachment":[{"href":"https:\/\/www.kurpfalz-internat.de\/es\/wp-json\/wp\/v2\/media?parent=48150"}],"wp:term":[{"taxonomy":"category","embeddable":true,"href":"https:\/\/www.kurpfalz-internat.de\/es\/wp-json\/wp\/v2\/categories?post=48150"},{"taxonomy":"post_tag","embeddable":true,"href":"https:\/\/www.kurpfalz-internat.de\/es\/wp-json\/wp\/v2\/tags?post=48150"}],"curies":[{"name":"wp","href":"https:\/\/api.w.org\/{rel}","templated":true}]}}