{"id":48170,"date":"2025-03-18T10:50:27","date_gmt":"2025-03-18T10:50:27","guid":{"rendered":"https:\/\/www.kurpfalz-internat.de\/intensa-competencia-en-la-final-del-distrito-en-bruchsal"},"modified":"2026-01-27T10:51:52","modified_gmt":"2026-01-27T10:51:52","slug":"intensa-competencia-en-la-final-del-distrito-en-bruchsal","status":"publish","type":"post","link":"https:\/\/www.kurpfalz-internat.de\/es\/intensa-competencia-en-la-final-del-distrito-en-bruchsal","title":{"rendered":"Intensa competencia en la final del distrito en Bruchsal"},"content":{"rendered":"\n<p><i>Gracias a una fuerte actuaci\u00f3n en las calificaciones, nuestro equipo de baloncesto tuvo la oportunidad de participar en la final del distrito en Bruchsal. El torneo se llev\u00f3 a cabo en dos grupos de tres, y los ganadores y segundos de grupo jugaron luego en las semifinales y en la final por el t\u00edtulo.  <\/i><\/p>\n\n<p>Para la final de distrito, pudimos contar con Marlene, otra jugadora que ya tiene experiencia en el club. A pesar de las desventajas f\u00edsicas contra los chicos, que en su mayor\u00eda son mayores, logr\u00f3 anotar los primeros puntos para nuestro equipo. <\/p>\n\n<p>En general, nuestro equipo tuvo dificultades en ambos partidos. En el primer partido mantuvimos un buen ritmo en la primera mitad, especialmente Hendrik encontraba constantemente el camino hacia la canasta. Despu\u00e9s del descanso, los oponentes pudieron aprovechar cada vez m\u00e1s su experiencia como jugadores de club y comenzaron a distanciarnos lentamente. En el segundo partido nos enfrentamos a la escuela secundaria Gregor Mendel de Heidelberg, que contaba con dos jugadores de la Bundesliga juvenil. Contra este equipo superior, nuestros jugadores y jugadoras entendiblemente pudieron ofrecer poco en respuesta, aunque Darius pudo anotar de vez en cuando gracias a rebotes ofensivos.    <\/p>\n\n<p>A pesar de los desaf\u00edos, se pod\u00eda ver claramente un desarrollo l\u00fadico en comparaci\u00f3n con el primer torneo. Todos dieron lo mejor de s\u00ed, demostraron un compromiso total y lucharon hasta el final: \u00a1un gran logro! <\/p>\n","protected":false},"excerpt":{"rendered":"<p>Gracias a un gran desempe\u00f1o en las calificaciones, nuestro equipo de baloncesto tuvo la oportunidad de participar en la final del distrito de JtfO en Bruchsal.<\/p>\n","protected":false},"author":1,"featured_media":25266,"comment_status":"closed","ping_status":"closed","sticky":false,"template":"","format":"standard","meta":{"_acf_changed":false,"_yoast_wpseo_title":"Intensa competencia en la final del distrito en Bruchsal","_yoast_wpseo_metadesc":"Gracias a un gran rendimiento en la clasificaci\u00f3n, nuestro equipo de baloncesto pudo participar en la final del distrito en Bruchsal.","excerpt":"Gracias a un gran desempe\u00f1o en las calificaciones, nuestro equipo de baloncesto tuvo la oportunidad de participar en la final del distrito de JtfO en Bruchsal.","footnotes":""},"categories":[23],"tags":[],"class_list":{"0":"post-48170","1":"post","2":"type-post","3":"status-publish","4":"format-standard","5":"has-post-thumbnail","7":"category-noticias-de-kurpfalz"},"acf":[],"yoast_head":"<!-- This site is optimized with the Yoast SEO plugin v26.9 - https:\/\/yoast.com\/product\/yoast-seo-wordpress\/ -->\n<title>Intensa competencia en la final del distrito en Bruchsal<\/title>\n<meta name=\"description\" content=\"Gracias a un gran rendimiento en la clasificaci\u00f3n, nuestro equipo de baloncesto pudo participar en la final del distrito en Bruchsal.\" \/>\n<meta name=\"robots\" content=\"index, follow, max-snippet:-1, max-image-preview:large, max-video-preview:-1\" \/>\n<link rel=\"canonical\" href=\"https:\/\/www.kurpfalz-internat.de\/es\/intensa-competencia-en-la-final-del-distrito-en-bruchsal\" \/>\n<meta property=\"og:locale\" content=\"es_ES\" \/>\n<meta property=\"og:type\" content=\"article\" \/>\n<meta property=\"og:title\" content=\"Intensa competencia en la final del distrito en Bruchsal\" \/>\n<meta property=\"og:description\" content=\"Gracias a un gran rendimiento en la clasificaci\u00f3n, nuestro equipo de baloncesto pudo participar en la final del distrito en Bruchsal.\" \/>\n<meta property=\"og:url\" content=\"https:\/\/www.kurpfalz-internat.de\/es\/intensa-competencia-en-la-final-del-distrito-en-bruchsal\" \/>\n<meta property=\"og:site_name\" content=\"Kurpfalz Internat\" \/>\n<meta property=\"article:published_time\" content=\"2025-03-18T10:50:27+00:00\" \/>\n<meta property=\"article:modified_time\" content=\"2026-01-27T10:51:52+00:00\" \/>\n<meta name=\"author\" content=\"Schloss Torgelow\" \/>\n<meta name=\"twitter:card\" content=\"summary_large_image\" \/>\n<meta name=\"twitter:label1\" content=\"Escrito por\" \/>\n\t<meta name=\"twitter:data1\" content=\"Schloss Torgelow\" \/>\n\t<meta name=\"twitter:label2\" content=\"Tiempo de lectura\" \/>\n\t<meta name=\"twitter:data2\" content=\"1 minuto\" \/>\n<script type=\"application\/ld+json\" class=\"yoast-schema-graph\">{\"@context\":\"https:\/\/schema.org\",\"@graph\":[{\"@type\":\"Article\",\"@id\":\"https:\/\/www.kurpfalz-internat.de\/es\/intensa-competencia-en-la-final-del-distrito-en-bruchsal#article\",\"isPartOf\":{\"@id\":\"https:\/\/www.kurpfalz-internat.de\/es\/intensa-competencia-en-la-final-del-distrito-en-bruchsal\"},\"author\":{\"name\":\"Schloss Torgelow\",\"@id\":\"https:\/\/www.kurpfalz-internat.de\/es#\/schema\/person\/b76bbb367f3a20c7ced1339e4875691e\"},\"headline\":\"Intensa competencia en la final del distrito en Bruchsal\",\"datePublished\":\"2025-03-18T10:50:27+00:00\",\"dateModified\":\"2026-01-27T10:51:52+00:00\",\"mainEntityOfPage\":{\"@id\":\"https:\/\/www.kurpfalz-internat.de\/es\/intensa-competencia-en-la-final-del-distrito-en-bruchsal\"},\"wordCount\":250,\"image\":{\"@id\":\"https:\/\/www.kurpfalz-internat.de\/es\/intensa-competencia-en-la-final-del-distrito-en-bruchsal#primaryimage\"},\"thumbnailUrl\":\"https:\/\/www.kurpfalz-internat.de\/wp-content\/uploads\/sites\/2\/2025\/09\/jtfo-finale_header_st.avif\",\"articleSection\":[\"Noticias de Kurpfalz\"],\"inLanguage\":\"es\"},{\"@type\":\"WebPage\",\"@id\":\"https:\/\/www.kurpfalz-internat.de\/es\/intensa-competencia-en-la-final-del-distrito-en-bruchsal#webpage\",\"url\":\"https:\/\/www.kurpfalz-internat.de\/es\/intensa-competencia-en-la-final-del-distrito-en-bruchsal\",\"name\":\"Intensa competencia en la final del distrito en Bruchsal\",\"isPartOf\":{\"@id\":\"https:\/\/www.kurpfalz-internat.de\/es#website\"},\"primaryImageOfPage\":{\"@id\":\"https:\/\/www.kurpfalz-internat.de\/es\/intensa-competencia-en-la-final-del-distrito-en-bruchsal#primaryimage\"},\"image\":{\"@id\":\"https:\/\/www.kurpfalz-internat.de\/es\/intensa-competencia-en-la-final-del-distrito-en-bruchsal#primaryimage\"},\"thumbnailUrl\":\"https:\/\/www.kurpfalz-internat.de\/wp-content\/uploads\/sites\/2\/2025\/09\/jtfo-finale_header_st.avif\",\"datePublished\":\"2025-03-18T10:50:27+00:00\",\"dateModified\":\"2026-01-27T10:51:52+00:00\",\"author\":{\"@id\":\"https:\/\/www.kurpfalz-internat.de\/es#\/schema\/person\/b76bbb367f3a20c7ced1339e4875691e\"},\"description\":\"Gracias a un gran rendimiento en la clasificaci\u00f3n, nuestro equipo de baloncesto pudo participar en la final del distrito en Bruchsal.\",\"breadcrumb\":{\"@id\":\"https:\/\/www.kurpfalz-internat.de\/es\/intensa-competencia-en-la-final-del-distrito-en-bruchsal#breadcrumb\"},\"inLanguage\":\"es\",\"potentialAction\":[{\"@type\":\"ReadAction\",\"target\":[\"https:\/\/www.kurpfalz-internat.de\/es\/intensa-competencia-en-la-final-del-distrito-en-bruchsal\"]}]},{\"@type\":\"ImageObject\",\"inLanguage\":\"es\",\"@id\":\"https:\/\/www.kurpfalz-internat.de\/es\/intensa-competencia-en-la-final-del-distrito-en-bruchsal#primaryimage\",\"url\":\"https:\/\/www.kurpfalz-internat.de\/wp-content\/uploads\/sites\/2\/2025\/09\/jtfo-finale_header_st.avif\",\"contentUrl\":\"https:\/\/www.kurpfalz-internat.de\/wp-content\/uploads\/sites\/2\/2025\/09\/jtfo-finale_header_st.avif\",\"width\":1920,\"height\":1080,\"caption\":\"Internado Schloss Torgelow 23.06.2021 Foto: Nikola Kuzmanic\"},{\"@type\":\"BreadcrumbList\",\"@id\":\"https:\/\/www.kurpfalz-internat.de\/es\/intensa-competencia-en-la-final-del-distrito-en-bruchsal#breadcrumb\",\"itemListElement\":[{\"@type\":\"ListItem\",\"position\":1,\"name\":\"Startseite\",\"item\":\"https:\/\/www.kurpfalz-internat.de\/es\"},{\"@type\":\"ListItem\",\"position\":2,\"name\":\"Intensa competencia en la final del distrito en Bruchsal\"}]},{\"@type\":\"WebSite\",\"@id\":\"https:\/\/www.kurpfalz-internat.de\/es#website\",\"url\":\"https:\/\/www.kurpfalz-internat.de\/es\",\"name\":\"Kurpfalz Internat\",\"description\":\"El internado privado Kurpfalz con escuela secundaria y escuela t\u00e9cnica \u2013 para estudiantes que buscan un desaf\u00edo.\",\"potentialAction\":[{\"@type\":\"SearchAction\",\"target\":{\"@type\":\"EntryPoint\",\"urlTemplate\":\"https:\/\/www.kurpfalz-internat.de\/es?s={search_term_string}\"},\"query-input\":{\"@type\":\"PropertyValueSpecification\",\"valueRequired\":true,\"valueName\":\"search_term_string\"}}],\"inLanguage\":\"es\"},{\"@type\":\"Person\",\"@id\":\"https:\/\/www.kurpfalz-internat.de\/es#\/schema\/person\/b76bbb367f3a20c7ced1339e4875691e\",\"name\":\"Schloss Torgelow\",\"image\":{\"@type\":\"ImageObject\",\"inLanguage\":\"es\",\"@id\":\"https:\/\/www.kurpfalz-internat.de\/es#\/schema\/person\/image\/\",\"url\":\"https:\/\/secure.gravatar.com\/avatar\/4bad9bf1bee90f77b98693d3ad03ade085c80c169595427c58c58e5b069f49e1?s=96&d=mm&r=g\",\"contentUrl\":\"https:\/\/secure.gravatar.com\/avatar\/4bad9bf1bee90f77b98693d3ad03ade085c80c169595427c58c58e5b069f49e1?s=96&d=mm&r=g\",\"caption\":\"Schloss Torgelow\"},\"sameAs\":[\"https:\/\/www.schlosstorgelow.de\"]}]}<\/script>\n<!-- \/ Yoast SEO plugin. -->","yoast_head_json":{"title":"Intensa competencia en la final del distrito en Bruchsal","description":"Gracias a un gran rendimiento en la clasificaci\u00f3n, nuestro equipo de baloncesto pudo participar en la final del distrito en Bruchsal.","robots":{"index":"index","follow":"follow","max-snippet":"max-snippet:-1","max-image-preview":"max-image-preview:large","max-video-preview":"max-video-preview:-1"},"canonical":"https:\/\/www.kurpfalz-internat.de\/es\/intensa-competencia-en-la-final-del-distrito-en-bruchsal","og_locale":"es_ES","og_type":"article","og_title":"Intensa competencia en la final del distrito en Bruchsal","og_description":"Gracias a un gran rendimiento en la clasificaci\u00f3n, nuestro equipo de baloncesto pudo participar en la final del distrito en Bruchsal.","og_url":"https:\/\/www.kurpfalz-internat.de\/es\/intensa-competencia-en-la-final-del-distrito-en-bruchsal","og_site_name":"Kurpfalz Internat","article_published_time":"2025-03-18T10:50:27+00:00","article_modified_time":"2026-01-27T10:51:52+00:00","author":"Schloss Torgelow","twitter_card":"summary_large_image","twitter_misc":{"Escrito por":"Schloss Torgelow","Tiempo de lectura":"1 minuto"},"schema":{"@context":"https:\/\/schema.org","@graph":[{"@type":"Article","@id":"https:\/\/www.kurpfalz-internat.de\/es\/intensa-competencia-en-la-final-del-distrito-en-bruchsal#article","isPartOf":{"@id":"https:\/\/www.kurpfalz-internat.de\/es\/intensa-competencia-en-la-final-del-distrito-en-bruchsal"},"author":{"name":"Schloss Torgelow","@id":"https:\/\/www.kurpfalz-internat.de\/es#\/schema\/person\/b76bbb367f3a20c7ced1339e4875691e"},"headline":"Intensa competencia en la final del distrito en Bruchsal","datePublished":"2025-03-18T10:50:27+00:00","dateModified":"2026-01-27T10:51:52+00:00","mainEntityOfPage":{"@id":"https:\/\/www.kurpfalz-internat.de\/es\/intensa-competencia-en-la-final-del-distrito-en-bruchsal"},"wordCount":250,"image":{"@id":"https:\/\/www.kurpfalz-internat.de\/es\/intensa-competencia-en-la-final-del-distrito-en-bruchsal#primaryimage"},"thumbnailUrl":"https:\/\/www.kurpfalz-internat.de\/wp-content\/uploads\/sites\/2\/2025\/09\/jtfo-finale_header_st.avif","articleSection":["Noticias de Kurpfalz"],"inLanguage":"es"},{"@type":"WebPage","@id":"https:\/\/www.kurpfalz-internat.de\/es\/intensa-competencia-en-la-final-del-distrito-en-bruchsal#webpage","url":"https:\/\/www.kurpfalz-internat.de\/es\/intensa-competencia-en-la-final-del-distrito-en-bruchsal","name":"Intensa competencia en la final del distrito en Bruchsal","isPartOf":{"@id":"https:\/\/www.kurpfalz-internat.de\/es#website"},"primaryImageOfPage":{"@id":"https:\/\/www.kurpfalz-internat.de\/es\/intensa-competencia-en-la-final-del-distrito-en-bruchsal#primaryimage"},"image":{"@id":"https:\/\/www.kurpfalz-internat.de\/es\/intensa-competencia-en-la-final-del-distrito-en-bruchsal#primaryimage"},"thumbnailUrl":"https:\/\/www.kurpfalz-internat.de\/wp-content\/uploads\/sites\/2\/2025\/09\/jtfo-finale_header_st.avif","datePublished":"2025-03-18T10:50:27+00:00","dateModified":"2026-01-27T10:51:52+00:00","author":{"@id":"https:\/\/www.kurpfalz-internat.de\/es#\/schema\/person\/b76bbb367f3a20c7ced1339e4875691e"},"description":"Gracias a un gran rendimiento en la clasificaci\u00f3n, nuestro equipo de baloncesto pudo participar en la final del distrito en Bruchsal.","breadcrumb":{"@id":"https:\/\/www.kurpfalz-internat.de\/es\/intensa-competencia-en-la-final-del-distrito-en-bruchsal#breadcrumb"},"inLanguage":"es","potentialAction":[{"@type":"ReadAction","target":["https:\/\/www.kurpfalz-internat.de\/es\/intensa-competencia-en-la-final-del-distrito-en-bruchsal"]}]},{"@type":"ImageObject","inLanguage":"es","@id":"https:\/\/www.kurpfalz-internat.de\/es\/intensa-competencia-en-la-final-del-distrito-en-bruchsal#primaryimage","url":"https:\/\/www.kurpfalz-internat.de\/wp-content\/uploads\/sites\/2\/2025\/09\/jtfo-finale_header_st.avif","contentUrl":"https:\/\/www.kurpfalz-internat.de\/wp-content\/uploads\/sites\/2\/2025\/09\/jtfo-finale_header_st.avif","width":1920,"height":1080,"caption":"Internado Schloss Torgelow 23.06.2021 Foto: Nikola Kuzmanic"},{"@type":"BreadcrumbList","@id":"https:\/\/www.kurpfalz-internat.de\/es\/intensa-competencia-en-la-final-del-distrito-en-bruchsal#breadcrumb","itemListElement":[{"@type":"ListItem","position":1,"name":"Startseite","item":"https:\/\/www.kurpfalz-internat.de\/es"},{"@type":"ListItem","position":2,"name":"Intensa competencia en la final del distrito en Bruchsal"}]},{"@type":"WebSite","@id":"https:\/\/www.kurpfalz-internat.de\/es#website","url":"https:\/\/www.kurpfalz-internat.de\/es","name":"Kurpfalz Internat","description":"El internado privado Kurpfalz con escuela secundaria y escuela t\u00e9cnica \u2013 para estudiantes que buscan un desaf\u00edo.","potentialAction":[{"@type":"SearchAction","target":{"@type":"EntryPoint","urlTemplate":"https:\/\/www.kurpfalz-internat.de\/es?s={search_term_string}"},"query-input":{"@type":"PropertyValueSpecification","valueRequired":true,"valueName":"search_term_string"}}],"inLanguage":"es"},{"@type":"Person","@id":"https:\/\/www.kurpfalz-internat.de\/es#\/schema\/person\/b76bbb367f3a20c7ced1339e4875691e","name":"Schloss Torgelow","image":{"@type":"ImageObject","inLanguage":"es","@id":"https:\/\/www.kurpfalz-internat.de\/es#\/schema\/person\/image\/","url":"https:\/\/secure.gravatar.com\/avatar\/4bad9bf1bee90f77b98693d3ad03ade085c80c169595427c58c58e5b069f49e1?s=96&d=mm&r=g","contentUrl":"https:\/\/secure.gravatar.com\/avatar\/4bad9bf1bee90f77b98693d3ad03ade085c80c169595427c58c58e5b069f49e1?s=96&d=mm&r=g","caption":"Schloss Torgelow"},"sameAs":["https:\/\/www.schlosstorgelow.de"]}]}},"block_visibility_meta":[],"_links":{"self":[{"href":"https:\/\/www.kurpfalz-internat.de\/es\/wp-json\/wp\/v2\/posts\/48170","targetHints":{"allow":["GET"]}}],"collection":[{"href":"https:\/\/www.kurpfalz-internat.de\/es\/wp-json\/wp\/v2\/posts"}],"about":[{"href":"https:\/\/www.kurpfalz-internat.de\/es\/wp-json\/wp\/v2\/types\/post"}],"author":[{"embeddable":true,"href":"https:\/\/www.kurpfalz-internat.de\/es\/wp-json\/wp\/v2\/users\/1"}],"replies":[{"embeddable":true,"href":"https:\/\/www.kurpfalz-internat.de\/es\/wp-json\/wp\/v2\/comments?post=48170"}],"version-history":[{"count":1,"href":"https:\/\/www.kurpfalz-internat.de\/es\/wp-json\/wp\/v2\/posts\/48170\/revisions"}],"predecessor-version":[{"id":48171,"href":"https:\/\/www.kurpfalz-internat.de\/es\/wp-json\/wp\/v2\/posts\/48170\/revisions\/48171"}],"wp:featuredmedia":[{"embeddable":true,"href":"https:\/\/www.kurpfalz-internat.de\/es\/wp-json\/wp\/v2\/media\/25266"}],"wp:attachment":[{"href":"https:\/\/www.kurpfalz-internat.de\/es\/wp-json\/wp\/v2\/media?parent=48170"}],"wp:term":[{"taxonomy":"category","embeddable":true,"href":"https:\/\/www.kurpfalz-internat.de\/es\/wp-json\/wp\/v2\/categories?post=48170"},{"taxonomy":"post_tag","embeddable":true,"href":"https:\/\/www.kurpfalz-internat.de\/es\/wp-json\/wp\/v2\/tags?post=48170"}],"curies":[{"name":"wp","href":"https:\/\/api.w.org\/{rel}","templated":true}]}}