{"id":48086,"date":"2025-03-20T13:48:30","date_gmt":"2025-03-20T13:48:30","guid":{"rendered":"https:\/\/www.kurpfalz-internat.de\/visite-de-la-kulturschule-leipzig"},"modified":"2026-01-27T10:46:50","modified_gmt":"2026-01-27T10:46:50","slug":"visite-de-la-kulturschule-leipzig","status":"publish","type":"post","link":"https:\/\/www.kurpfalz-internat.de\/fr\/visite-de-la-kulturschule-leipzig","title":{"rendered":"Visite de la \u201eKulturschule Leipzig\u201c"},"content":{"rendered":"\n<p><i>Les \u00e9l\u00e8ves des classes 9 \u00e0 K2 de l&rsquo;internat Kurpfalz ont pu assister \u00e0 une mise en sc\u00e8ne th\u00e9\u00e2trale intitul\u00e9e \u00ab Stauffenberg \u2013 Haute trahison ou r\u00e9sistance \u00bb, qui a \u00e9t\u00e9 jou\u00e9e dans l&rsquo;atrium de l&rsquo;\u00e9cole. L&rsquo;ensemble des  <\/i><a href=\"https:\/\/www.kulturschule.info\/\">\u00abKulturschule Leipzig\u00bb<\/a> &#8211; Daniela et G\u00fcnther Frese &#8211; sont venus en visite et ont pr\u00e9sent\u00e9 une adaptation r\u00e9ussie du mat\u00e9riel historique. <\/p>\n\n<p><em>Le 20 juillet 1944, l&rsquo;assassin d&rsquo;Hitler, Claus Schenk Graf von Stauffenberg, fit exploser une bombe dans le \u00ab\u00a0quartier g\u00e9n\u00e9ral du F\u00fchrer\u00a0\u00bb en Prusse orientale. La bombe rata sa cible et Hitler surv\u00e9cut. Stauffenberg dut payer son acte de sa vie le m\u00eame soir.  <\/em><\/p>\n\n<p><em>Le 20 juillet 1944 est devenu le symbole de la r\u00e9sistance allemande contre la dictature et le r\u00e9gime de terreur des national-socialistes. Il est entr\u00e9 dans l&rsquo;histoire comme \u00ab\u00a0le soul\u00e8vement de la conscience\u00a0\u00bb. Encore aujourd&rsquo;hui \u2013 face aux d\u00e9fis auxquels sont confront\u00e9es les d\u00e9mocraties modernes \u2013 Claus Schenk Graf von Stauffenberg et ses camarades sont consid\u00e9r\u00e9s comme des mod\u00e8les, et de nombreuses \u00e9coles portent son nom.  <\/em><\/p>\n\n<p>Con\u00e7u comme une pi\u00e8ce pour deux personnes par l&rsquo;\u00ab \u00c9cole de culture de Leipzig \u00bb, l&rsquo;histoire tragique du militarisme et du nationalisme allemands, de l&rsquo;\u00e9poque kaiserienne, de la Premi\u00e8re Guerre mondiale jusqu&rsquo;\u00e0 la R\u00e9publique de Weimar et la prise de pouvoir d&rsquo;Hitler, et enfin jusqu&rsquo;\u00e0 l&rsquo;attentat de Stauffenberg et sa fin, a \u00e9t\u00e9 redessin\u00e9e par l&rsquo;interm\u00e9diaire d&rsquo;une \u00ab figure de mod\u00e9rateur \u00bb (Daniela Frese) et du r\u00f4le de Stauffenberg (G\u00fcnther Frese) \u00e0 travers des \u00e9pisodes percutants &#8211; toujours compl\u00e9t\u00e9s par des enregistrements de contributions audios originales, par exemple des discours d&rsquo;Hitler ou le serment de l&rsquo;arm\u00e9e sur \u00ab le F\u00fchrer \u00bb. On pouvait voir le jeune Stauffenberg, qui \u00e9crivait des po\u00e8mes patriotiques et associait d&rsquo;abord des espoirs au nouveau \u00ab national-socialisme \u00bb, mais a ensuite connu, en tant que soldat, la face cruelle du r\u00e9gime et a rejet\u00e9 de mani\u00e8re coh\u00e9rente et courageuse son m\u00e9pris pour l&rsquo;humanit\u00e9 &#8211; m\u00eame si cela impliquait l&rsquo;usage de la violence et le sacrifice de sa propre vie. Une question s&rsquo;est donc de plus en plus impos\u00e9e : \u00ab Avait-on le droit, devait-on ou avait-on l&rsquo;obligation morale d&rsquo;assassiner Hitler ? \u00bb  <\/p>\n\n<p>\u00c0 travers des commentaires int\u00e9gr\u00e9s, le regard sur l&rsquo;actualit\u00e9 du th\u00e8me \u00ab\u00a0R\u00e9sistance contre une dictature\u00a0\u00bb a \u00e9galement \u00e9t\u00e9 affin\u00e9 \u2013 ce qui inscrit la pi\u00e8ce de th\u00e9\u00e2tre dans le contexte de \u00ab\u00a0\u00c9cole sans racisme \u2013 \u00c9cole avec courage\u00a0\u00bb et de l&rsquo;\u00e9ducation \u00e0 la d\u00e9mocratie, pour laquelle l&rsquo;internat de Kurpfalz s&rsquo;engage \u00e9galement.<\/p>\n\n<p>Lors de la table ronde qui a suivi, il est devenu particuli\u00e8rement clair \u00e0 quel point une soci\u00e9t\u00e9 civile fonctionnelle est importante, d\u00e9fendant les valeurs d\u00e9mocratiques par des moyens pacifiques et faisant comprendre aux jeunes leur responsabilit\u00e9 : \u00ab Plus jamais \u00e7a, c\u2019est maintenant ! \u00bb<\/p>\n\n<p>[Rapport r\u00e9dig\u00e9 par : D. Blum, Responsable du d\u00e9partement d&rsquo;allemand et de sciences sociales]<\/p>\n","protected":false},"excerpt":{"rendered":"<p>Les classes de la 9\u00e8me \u00e0 la K2 ont pu assister \u00e0 la mise en sc\u00e8ne th\u00e9\u00e2trale \u00ab\u00a0Stauffenberg &#8211; Haute trahison ou R\u00e9sistance\u00a0\u00bb, qui a \u00e9t\u00e9 pr\u00e9sent\u00e9e dans l&rsquo;auditorium de l&rsquo;\u00e9cole.<\/p>\n","protected":false},"author":1,"featured_media":25250,"comment_status":"closed","ping_status":"closed","sticky":false,"template":"","format":"standard","meta":{"_acf_changed":false,"_yoast_wpseo_title":"","_yoast_wpseo_metadesc":"Les classes de la 9e \u00e0 K2 ont pu assister \u00e0 la repr\u00e9sentation th\u00e9\u00e2trale \u00ab Stauffenberg \u2013 Haute trahison ou r\u00e9sistance \u00bb, qui a \u00e9t\u00e9 jou\u00e9e dans l'atrium de l'\u00e9cole.","excerpt":"Les classes de la 9e \u00e0 K2 ont pu assister \u00e0 la repr\u00e9sentation th\u00e9\u00e2trale \u00ab Stauffenberg \u2013 Haute trahison ou r\u00e9sistance \u00bb, qui a \u00e9t\u00e9 jou\u00e9e dans l'atrium de l'\u00e9cole.","footnotes":""},"categories":[18],"tags":[],"class_list":{"0":"post-48086","1":"post","2":"type-post","3":"status-publish","4":"format-standard","5":"has-post-thumbnail","7":"category-actualites-kurpfalz"},"acf":[],"yoast_head":"<!-- This site is optimized with the Yoast SEO plugin v26.9 - https:\/\/yoast.com\/product\/yoast-seo-wordpress\/ -->\n<title>Visite de la \u201eKulturschule Leipzig\u201c - Kurpfalz Internat<\/title>\n<meta name=\"description\" content=\"Les classes de la 9e \u00e0 K2 ont pu assister \u00e0 la repr\u00e9sentation th\u00e9\u00e2trale \u00ab Stauffenberg \u2013 Haute trahison ou r\u00e9sistance \u00bb, qui a \u00e9t\u00e9 jou\u00e9e dans l&#039;atrium de l&#039;\u00e9cole.\" \/>\n<meta name=\"robots\" content=\"index, follow, max-snippet:-1, max-image-preview:large, max-video-preview:-1\" \/>\n<link rel=\"canonical\" href=\"https:\/\/www.kurpfalz-internat.de\/fr\/visite-de-la-kulturschule-leipzig\" \/>\n<meta property=\"og:locale\" content=\"fr_FR\" \/>\n<meta property=\"og:type\" content=\"article\" \/>\n<meta property=\"og:title\" content=\"Visite de la \u201eKulturschule Leipzig\u201c - Kurpfalz Internat\" \/>\n<meta property=\"og:description\" content=\"Les classes de la 9e \u00e0 K2 ont pu assister \u00e0 la repr\u00e9sentation th\u00e9\u00e2trale \u00ab Stauffenberg \u2013 Haute trahison ou r\u00e9sistance \u00bb, qui a \u00e9t\u00e9 jou\u00e9e dans l&#039;atrium de l&#039;\u00e9cole.\" \/>\n<meta property=\"og:url\" content=\"https:\/\/www.kurpfalz-internat.de\/fr\/visite-de-la-kulturschule-leipzig\" \/>\n<meta property=\"og:site_name\" content=\"Kurpfalz Internat\" \/>\n<meta property=\"article:published_time\" content=\"2025-03-20T13:48:30+00:00\" \/>\n<meta property=\"article:modified_time\" content=\"2026-01-27T10:46:50+00:00\" \/>\n<meta name=\"author\" content=\"Schloss Torgelow\" \/>\n<meta name=\"twitter:card\" content=\"summary_large_image\" \/>\n<meta name=\"twitter:label1\" content=\"\u00c9crit par\" \/>\n\t<meta name=\"twitter:data1\" content=\"Schloss Torgelow\" \/>\n\t<meta name=\"twitter:label2\" content=\"Dur\u00e9e de lecture estim\u00e9e\" \/>\n\t<meta name=\"twitter:data2\" content=\"2 minutes\" \/>\n<script type=\"application\/ld+json\" class=\"yoast-schema-graph\">{\"@context\":\"https:\/\/schema.org\",\"@graph\":[{\"@type\":\"Article\",\"@id\":\"https:\/\/www.kurpfalz-internat.de\/fr\/visite-de-la-kulturschule-leipzig#article\",\"isPartOf\":{\"@id\":\"https:\/\/www.kurpfalz-internat.de\/fr\/visite-de-la-kulturschule-leipzig\"},\"author\":{\"name\":\"Schloss Torgelow\",\"@id\":\"https:\/\/www.kurpfalz-internat.de\/fr#\/schema\/person\/b76bbb367f3a20c7ced1339e4875691e\"},\"headline\":\"Visite de la \u201eKulturschule Leipzig\u201c\",\"datePublished\":\"2025-03-20T13:48:30+00:00\",\"dateModified\":\"2026-01-27T10:46:50+00:00\",\"mainEntityOfPage\":{\"@id\":\"https:\/\/www.kurpfalz-internat.de\/fr\/visite-de-la-kulturschule-leipzig\"},\"wordCount\":521,\"image\":{\"@id\":\"https:\/\/www.kurpfalz-internat.de\/fr\/visite-de-la-kulturschule-leipzig#primaryimage\"},\"thumbnailUrl\":\"https:\/\/www.kurpfalz-internat.de\/wp-content\/uploads\/sites\/2\/2025\/09\/kulturschule-leipzig_header_st.avif\",\"articleSection\":[\"Actualit\u00e9s Kurpfalz\"],\"inLanguage\":\"fr-FR\"},{\"@type\":\"WebPage\",\"@id\":\"https:\/\/www.kurpfalz-internat.de\/fr\/visite-de-la-kulturschule-leipzig#webpage\",\"url\":\"https:\/\/www.kurpfalz-internat.de\/fr\/visite-de-la-kulturschule-leipzig\",\"name\":\"Visite de la \u201eKulturschule Leipzig\u201c - Kurpfalz Internat\",\"isPartOf\":{\"@id\":\"https:\/\/www.kurpfalz-internat.de\/fr#website\"},\"primaryImageOfPage\":{\"@id\":\"https:\/\/www.kurpfalz-internat.de\/fr\/visite-de-la-kulturschule-leipzig#primaryimage\"},\"image\":{\"@id\":\"https:\/\/www.kurpfalz-internat.de\/fr\/visite-de-la-kulturschule-leipzig#primaryimage\"},\"thumbnailUrl\":\"https:\/\/www.kurpfalz-internat.de\/wp-content\/uploads\/sites\/2\/2025\/09\/kulturschule-leipzig_header_st.avif\",\"datePublished\":\"2025-03-20T13:48:30+00:00\",\"dateModified\":\"2026-01-27T10:46:50+00:00\",\"author\":{\"@id\":\"https:\/\/www.kurpfalz-internat.de\/fr#\/schema\/person\/b76bbb367f3a20c7ced1339e4875691e\"},\"description\":\"Les classes de la 9e \u00e0 K2 ont pu assister \u00e0 la repr\u00e9sentation th\u00e9\u00e2trale \u00ab Stauffenberg \u2013 Haute trahison ou r\u00e9sistance \u00bb, qui a \u00e9t\u00e9 jou\u00e9e dans l'atrium de l'\u00e9cole.\",\"breadcrumb\":{\"@id\":\"https:\/\/www.kurpfalz-internat.de\/fr\/visite-de-la-kulturschule-leipzig#breadcrumb\"},\"inLanguage\":\"fr-FR\",\"potentialAction\":[{\"@type\":\"ReadAction\",\"target\":[\"https:\/\/www.kurpfalz-internat.de\/fr\/visite-de-la-kulturschule-leipzig\"]}]},{\"@type\":\"ImageObject\",\"inLanguage\":\"fr-FR\",\"@id\":\"https:\/\/www.kurpfalz-internat.de\/fr\/visite-de-la-kulturschule-leipzig#primaryimage\",\"url\":\"https:\/\/www.kurpfalz-internat.de\/wp-content\/uploads\/sites\/2\/2025\/09\/kulturschule-leipzig_header_st.avif\",\"contentUrl\":\"https:\/\/www.kurpfalz-internat.de\/wp-content\/uploads\/sites\/2\/2025\/09\/kulturschule-leipzig_header_st.avif\",\"width\":1920,\"height\":1080,\"caption\":\"Visite de la \u201eKulturschule Leipzig\u201c\"},{\"@type\":\"BreadcrumbList\",\"@id\":\"https:\/\/www.kurpfalz-internat.de\/fr\/visite-de-la-kulturschule-leipzig#breadcrumb\",\"itemListElement\":[{\"@type\":\"ListItem\",\"position\":1,\"name\":\"Startseite\",\"item\":\"https:\/\/www.kurpfalz-internat.de\/fr\"},{\"@type\":\"ListItem\",\"position\":2,\"name\":\"Visite de la \u201eKulturschule Leipzig\u201c\"}]},{\"@type\":\"WebSite\",\"@id\":\"https:\/\/www.kurpfalz-internat.de\/fr#website\",\"url\":\"https:\/\/www.kurpfalz-internat.de\/fr\",\"name\":\"Kurpfalz Internat\",\"description\":\"Le pensionnat priv\u00e9 de Kurpfalz avec un lyc\u00e9e et un coll\u00e8ge \u2013 pour les \u00e9l\u00e8ves qui recherchent un d\u00e9fi.\",\"potentialAction\":[{\"@type\":\"SearchAction\",\"target\":{\"@type\":\"EntryPoint\",\"urlTemplate\":\"https:\/\/www.kurpfalz-internat.de\/fr?s={search_term_string}\"},\"query-input\":{\"@type\":\"PropertyValueSpecification\",\"valueRequired\":true,\"valueName\":\"search_term_string\"}}],\"inLanguage\":\"fr-FR\"},{\"@type\":\"Person\",\"@id\":\"https:\/\/www.kurpfalz-internat.de\/fr#\/schema\/person\/b76bbb367f3a20c7ced1339e4875691e\",\"name\":\"Schloss Torgelow\",\"image\":{\"@type\":\"ImageObject\",\"inLanguage\":\"fr-FR\",\"@id\":\"https:\/\/www.kurpfalz-internat.de\/fr#\/schema\/person\/image\/\",\"url\":\"https:\/\/secure.gravatar.com\/avatar\/4bad9bf1bee90f77b98693d3ad03ade085c80c169595427c58c58e5b069f49e1?s=96&d=mm&r=g\",\"contentUrl\":\"https:\/\/secure.gravatar.com\/avatar\/4bad9bf1bee90f77b98693d3ad03ade085c80c169595427c58c58e5b069f49e1?s=96&d=mm&r=g\",\"caption\":\"Schloss Torgelow\"},\"sameAs\":[\"https:\/\/www.schlosstorgelow.de\"]}]}<\/script>\n<!-- \/ Yoast SEO plugin. -->","yoast_head_json":{"title":"Visite de la \u201eKulturschule Leipzig\u201c - Kurpfalz Internat","description":"Les classes de la 9e \u00e0 K2 ont pu assister \u00e0 la repr\u00e9sentation th\u00e9\u00e2trale \u00ab Stauffenberg \u2013 Haute trahison ou r\u00e9sistance \u00bb, qui a \u00e9t\u00e9 jou\u00e9e dans l'atrium de l'\u00e9cole.","robots":{"index":"index","follow":"follow","max-snippet":"max-snippet:-1","max-image-preview":"max-image-preview:large","max-video-preview":"max-video-preview:-1"},"canonical":"https:\/\/www.kurpfalz-internat.de\/fr\/visite-de-la-kulturschule-leipzig","og_locale":"fr_FR","og_type":"article","og_title":"Visite de la \u201eKulturschule Leipzig\u201c - Kurpfalz Internat","og_description":"Les classes de la 9e \u00e0 K2 ont pu assister \u00e0 la repr\u00e9sentation th\u00e9\u00e2trale \u00ab Stauffenberg \u2013 Haute trahison ou r\u00e9sistance \u00bb, qui a \u00e9t\u00e9 jou\u00e9e dans l'atrium de l'\u00e9cole.","og_url":"https:\/\/www.kurpfalz-internat.de\/fr\/visite-de-la-kulturschule-leipzig","og_site_name":"Kurpfalz Internat","article_published_time":"2025-03-20T13:48:30+00:00","article_modified_time":"2026-01-27T10:46:50+00:00","author":"Schloss Torgelow","twitter_card":"summary_large_image","twitter_misc":{"\u00c9crit par":"Schloss Torgelow","Dur\u00e9e de lecture estim\u00e9e":"2 minutes"},"schema":{"@context":"https:\/\/schema.org","@graph":[{"@type":"Article","@id":"https:\/\/www.kurpfalz-internat.de\/fr\/visite-de-la-kulturschule-leipzig#article","isPartOf":{"@id":"https:\/\/www.kurpfalz-internat.de\/fr\/visite-de-la-kulturschule-leipzig"},"author":{"name":"Schloss Torgelow","@id":"https:\/\/www.kurpfalz-internat.de\/fr#\/schema\/person\/b76bbb367f3a20c7ced1339e4875691e"},"headline":"Visite de la \u201eKulturschule Leipzig\u201c","datePublished":"2025-03-20T13:48:30+00:00","dateModified":"2026-01-27T10:46:50+00:00","mainEntityOfPage":{"@id":"https:\/\/www.kurpfalz-internat.de\/fr\/visite-de-la-kulturschule-leipzig"},"wordCount":521,"image":{"@id":"https:\/\/www.kurpfalz-internat.de\/fr\/visite-de-la-kulturschule-leipzig#primaryimage"},"thumbnailUrl":"https:\/\/www.kurpfalz-internat.de\/wp-content\/uploads\/sites\/2\/2025\/09\/kulturschule-leipzig_header_st.avif","articleSection":["Actualit\u00e9s Kurpfalz"],"inLanguage":"fr-FR"},{"@type":"WebPage","@id":"https:\/\/www.kurpfalz-internat.de\/fr\/visite-de-la-kulturschule-leipzig#webpage","url":"https:\/\/www.kurpfalz-internat.de\/fr\/visite-de-la-kulturschule-leipzig","name":"Visite de la \u201eKulturschule Leipzig\u201c - Kurpfalz Internat","isPartOf":{"@id":"https:\/\/www.kurpfalz-internat.de\/fr#website"},"primaryImageOfPage":{"@id":"https:\/\/www.kurpfalz-internat.de\/fr\/visite-de-la-kulturschule-leipzig#primaryimage"},"image":{"@id":"https:\/\/www.kurpfalz-internat.de\/fr\/visite-de-la-kulturschule-leipzig#primaryimage"},"thumbnailUrl":"https:\/\/www.kurpfalz-internat.de\/wp-content\/uploads\/sites\/2\/2025\/09\/kulturschule-leipzig_header_st.avif","datePublished":"2025-03-20T13:48:30+00:00","dateModified":"2026-01-27T10:46:50+00:00","author":{"@id":"https:\/\/www.kurpfalz-internat.de\/fr#\/schema\/person\/b76bbb367f3a20c7ced1339e4875691e"},"description":"Les classes de la 9e \u00e0 K2 ont pu assister \u00e0 la repr\u00e9sentation th\u00e9\u00e2trale \u00ab Stauffenberg \u2013 Haute trahison ou r\u00e9sistance \u00bb, qui a \u00e9t\u00e9 jou\u00e9e dans l'atrium de l'\u00e9cole.","breadcrumb":{"@id":"https:\/\/www.kurpfalz-internat.de\/fr\/visite-de-la-kulturschule-leipzig#breadcrumb"},"inLanguage":"fr-FR","potentialAction":[{"@type":"ReadAction","target":["https:\/\/www.kurpfalz-internat.de\/fr\/visite-de-la-kulturschule-leipzig"]}]},{"@type":"ImageObject","inLanguage":"fr-FR","@id":"https:\/\/www.kurpfalz-internat.de\/fr\/visite-de-la-kulturschule-leipzig#primaryimage","url":"https:\/\/www.kurpfalz-internat.de\/wp-content\/uploads\/sites\/2\/2025\/09\/kulturschule-leipzig_header_st.avif","contentUrl":"https:\/\/www.kurpfalz-internat.de\/wp-content\/uploads\/sites\/2\/2025\/09\/kulturschule-leipzig_header_st.avif","width":1920,"height":1080,"caption":"Visite de la \u201eKulturschule Leipzig\u201c"},{"@type":"BreadcrumbList","@id":"https:\/\/www.kurpfalz-internat.de\/fr\/visite-de-la-kulturschule-leipzig#breadcrumb","itemListElement":[{"@type":"ListItem","position":1,"name":"Startseite","item":"https:\/\/www.kurpfalz-internat.de\/fr"},{"@type":"ListItem","position":2,"name":"Visite de la \u201eKulturschule Leipzig\u201c"}]},{"@type":"WebSite","@id":"https:\/\/www.kurpfalz-internat.de\/fr#website","url":"https:\/\/www.kurpfalz-internat.de\/fr","name":"Kurpfalz Internat","description":"Le pensionnat priv\u00e9 de Kurpfalz avec un lyc\u00e9e et un coll\u00e8ge \u2013 pour les \u00e9l\u00e8ves qui recherchent un d\u00e9fi.","potentialAction":[{"@type":"SearchAction","target":{"@type":"EntryPoint","urlTemplate":"https:\/\/www.kurpfalz-internat.de\/fr?s={search_term_string}"},"query-input":{"@type":"PropertyValueSpecification","valueRequired":true,"valueName":"search_term_string"}}],"inLanguage":"fr-FR"},{"@type":"Person","@id":"https:\/\/www.kurpfalz-internat.de\/fr#\/schema\/person\/b76bbb367f3a20c7ced1339e4875691e","name":"Schloss Torgelow","image":{"@type":"ImageObject","inLanguage":"fr-FR","@id":"https:\/\/www.kurpfalz-internat.de\/fr#\/schema\/person\/image\/","url":"https:\/\/secure.gravatar.com\/avatar\/4bad9bf1bee90f77b98693d3ad03ade085c80c169595427c58c58e5b069f49e1?s=96&d=mm&r=g","contentUrl":"https:\/\/secure.gravatar.com\/avatar\/4bad9bf1bee90f77b98693d3ad03ade085c80c169595427c58c58e5b069f49e1?s=96&d=mm&r=g","caption":"Schloss Torgelow"},"sameAs":["https:\/\/www.schlosstorgelow.de"]}]}},"block_visibility_meta":[],"_links":{"self":[{"href":"https:\/\/www.kurpfalz-internat.de\/fr\/wp-json\/wp\/v2\/posts\/48086","targetHints":{"allow":["GET"]}}],"collection":[{"href":"https:\/\/www.kurpfalz-internat.de\/fr\/wp-json\/wp\/v2\/posts"}],"about":[{"href":"https:\/\/www.kurpfalz-internat.de\/fr\/wp-json\/wp\/v2\/types\/post"}],"author":[{"embeddable":true,"href":"https:\/\/www.kurpfalz-internat.de\/fr\/wp-json\/wp\/v2\/users\/1"}],"replies":[{"embeddable":true,"href":"https:\/\/www.kurpfalz-internat.de\/fr\/wp-json\/wp\/v2\/comments?post=48086"}],"version-history":[{"count":1,"href":"https:\/\/www.kurpfalz-internat.de\/fr\/wp-json\/wp\/v2\/posts\/48086\/revisions"}],"predecessor-version":[{"id":48087,"href":"https:\/\/www.kurpfalz-internat.de\/fr\/wp-json\/wp\/v2\/posts\/48086\/revisions\/48087"}],"wp:featuredmedia":[{"embeddable":true,"href":"https:\/\/www.kurpfalz-internat.de\/fr\/wp-json\/wp\/v2\/media\/25250"}],"wp:attachment":[{"href":"https:\/\/www.kurpfalz-internat.de\/fr\/wp-json\/wp\/v2\/media?parent=48086"}],"wp:term":[{"taxonomy":"category","embeddable":true,"href":"https:\/\/www.kurpfalz-internat.de\/fr\/wp-json\/wp\/v2\/categories?post=48086"},{"taxonomy":"post_tag","embeddable":true,"href":"https:\/\/www.kurpfalz-internat.de\/fr\/wp-json\/wp\/v2\/tags?post=48086"}],"curies":[{"name":"wp","href":"https:\/\/api.w.org\/{rel}","templated":true}]}}