{"id":48096,"date":"2025-01-27T11:47:15","date_gmt":"2025-01-27T11:47:15","guid":{"rendered":"https:\/\/www.kurpfalz-internat.de\/echange-reussi-les-juniors-de-leconomie-de-heidelberg-en-visite"},"modified":"2026-01-27T10:46:54","modified_gmt":"2026-01-27T10:46:54","slug":"echange-reussi-les-juniors-de-leconomie-de-heidelberg-en-visite","status":"publish","type":"post","link":"https:\/\/www.kurpfalz-internat.de\/fr\/echange-reussi-les-juniors-de-leconomie-de-heidelberg-en-visite","title":{"rendered":"\u00c9change r\u00e9ussi : Les Juniors de l&rsquo;\u00e9conomie de Heidelberg en visite"},"content":{"rendered":"\n<p>Le 25 f\u00e9vrier 2025, les <a href=\"https:\/\/www.wj-hd.de\/\" target=\"_blank\" rel=\"noreferrer noopener nofollow\">Jeunes entrepreneurs de Heidelberg<\/a> ont visit\u00e9<i> l&rsquo;internat de Kurpfalz dans le cadre du projet \u00ab\u00a0WJ Karriere Kompass\u00a0\u00bb. L&rsquo;objectif de l&rsquo;\u00e9v\u00e9nement \u00e9tait d&rsquo;offrir aux \u00e9l\u00e8ves, \u00e0 travers des histoires de r\u00e9ussite personnelles, des aper\u00e7us pratiques sur diff\u00e9rents parcours professionnels et de les soutenir dans leur propre cheminement. Les Juniors du commerce ont attach\u00e9 une grande importance \u00e0 un \u00e9change ouvert et honn\u00eate sur un pied d&rsquo;\u00e9galit\u00e9.  <\/i><\/p>\n\n<p>Les Junior Entrepreneurs sont environ 10 000 entrepreneurs et dirigeantes de moins de 40 ans. Ils sont connect\u00e9s au niveau mondial et pr\u00e9sents localement en tant que plus grand r\u00e9seau d&rsquo;\u00e9conomie jeune en Allemagne avec environ 215 cercles de membres. Le \u00ab\u00a0WJ Karriere Kompass\u00a0\u00bb est organis\u00e9 par le cercle de membres de Heidelberg.  <\/p>\n\n<p><strong>Rencontre et Salutations<\/strong><\/p>\n\n<p>Six intervenants engag\u00e9s ont partag\u00e9 leurs parcours professionnels personnels avec les \u00e9l\u00e8ves. En petits groupes, deux d&rsquo;entre eux ont chacun pr\u00e9sent\u00e9 leurs parcours de carri\u00e8re individuels, parlant des d\u00e9fis, des succ\u00e8s et des d\u00e9cisions importantes. Une atmosph\u00e8re d\u00e9tendue a \u00e9t\u00e9 d\u00e9lib\u00e9r\u00e9ment cr\u00e9\u00e9e, permettant aux \u00e9l\u00e8ves de poser des questions librement et d&rsquo;obtenir des aper\u00e7us honn\u00eates sur le quotidien professionnel des intervenants.  <\/p>\n\n<p>Apr\u00e8s les conf\u00e9rences, une occasion de discuter personnellement s&rsquo;est pr\u00e9sent\u00e9e autour de pizzas et de boissons fra\u00eeches au caf\u00e9 des \u00e9l\u00e8ves. Les jeunes entrepreneurs ont pu \u00e9changer avec les \u00e9l\u00e8ves sur un pied d&rsquo;\u00e9galit\u00e9, partager d&rsquo;autres exp\u00e9riences et se tenir \u00e0 disposition pour des questions individuelles. Des discussions passionnantes ont \u00e9merg\u00e9, marqu\u00e9es par un int\u00e9r\u00eat mutuel et une ouverture d&rsquo;esprit. L&rsquo;ambiance d\u00e9tendue a \u00e9t\u00e9 rehauss\u00e9e par de la musique et une partie impromptue de baby-foot. L&rsquo;atmosph\u00e8re \u00e9tait si agr\u00e9able que l&rsquo;\u00e9v\u00e9nement a \u00e9t\u00e9 prolong\u00e9.    <\/p>\n\n<p>\u00c9taient nos invit\u00e9s :<\/p>\n\n<ul class=\"wp-block-list\">\n<li>Vincent Fischer (Consultant et Co-CEO de Modell Aachen GmbH)<\/li>\n\n\n\n<li>Benjamin Sharif (auditeur et conseiller ESG, Xcellence GmbH WPG)<\/li>\n\n\n\n<li>Julia Staudenmaier (Conseill\u00e8re fiscale, Steuerberatung Staudenmaier GmbH)<\/li>\n\n\n\n<li>Anton Berizzi (Auditeur et conseiller fiscal KEIPER &amp; Co. KG WPG, STBG)<\/li>\n\n\n\n<li>Tobias Philippi (Responsable des ventes DACH chez DAZN Group)<\/li>\n\n\n\n<li>Paul Muck (Directeur g\u00e9n\u00e9ral de Muck Automotive GmbH)<\/li>\n<\/ul>\n\n<p>L&rsquo;internat de Kurpfalz a eu l&rsquo;honneur de servir de projet pilote pour le \u00ab\u00a0WJ Karriere Kompass\u00a0\u00bb. L&rsquo;\u00e9v\u00e9nement a \u00e9t\u00e9 un franc succ\u00e8s et a apport\u00e9 de nouvelles impulsions pr\u00e9cieuses tant aux Juniors du monde des affaires qu&rsquo;aux \u00e9l\u00e8ves. Le \u00ab\u00a0WJ Karriere Kompass\u00a0\u00bb a encore une fois d\u00e9montr\u00e9 l&rsquo;importance des \u00e9changes entre le monde \u00e9conomique et les talents \u00e9mergents &#8211; un enrichissement pour les deux parties ! En raison de ce grand succ\u00e8s, les Juniors du monde des affaires de Heidelberg devraient absolument proposer l&rsquo;\u00e9v\u00e9nement dans de nombreuses autres \u00e9coles. Nous esp\u00e9rons vous retrouver l&rsquo;ann\u00e9e prochaine.    <\/p>\n","protected":false},"excerpt":{"rendered":"<p>Les Juniors de l&rsquo;\u00e9conomie de Heidelberg visitent l&rsquo;internat de Kurpfalz dans le cadre du projet \u00ab\u00a0WJ Karriere Kompass\u00a0\u00bb.<\/p>\n","protected":false},"author":1,"featured_media":25297,"comment_status":"closed","ping_status":"closed","sticky":false,"template":"","format":"standard","meta":{"_acf_changed":false,"_yoast_wpseo_title":"\u00c9change r\u00e9ussi : Les Juniors de l'\u00e9conomie de Heidelberg en visite","_yoast_wpseo_metadesc":"Les Juniors de l'\u00e9conomie de Heidelberg visitent le Kurpfalz-Internat dans le cadre du projet \"WJ Karriere Kompass\".","excerpt":"Les Juniors de l'\u00e9conomie de Heidelberg visitent l'internat de Kurpfalz dans le cadre du projet \"WJ Karriere Kompass\".","footnotes":""},"categories":[18],"tags":[],"class_list":{"0":"post-48096","1":"post","2":"type-post","3":"status-publish","4":"format-standard","5":"has-post-thumbnail","7":"category-actualites-kurpfalz"},"acf":[],"yoast_head":"<!-- This site is optimized with the Yoast SEO plugin v26.9 - https:\/\/yoast.com\/product\/yoast-seo-wordpress\/ -->\n<title>\u00c9change r\u00e9ussi : Les Juniors de l&#039;\u00e9conomie de Heidelberg en visite<\/title>\n<meta name=\"description\" content=\"Les Juniors de l&#039;\u00e9conomie de Heidelberg visitent le Kurpfalz-Internat dans le cadre du projet &quot;WJ Karriere Kompass&quot;.\" \/>\n<meta name=\"robots\" content=\"index, follow, max-snippet:-1, max-image-preview:large, max-video-preview:-1\" \/>\n<link rel=\"canonical\" href=\"https:\/\/www.kurpfalz-internat.de\/fr\/echange-reussi-les-juniors-de-leconomie-de-heidelberg-en-visite\" \/>\n<meta property=\"og:locale\" content=\"fr_FR\" \/>\n<meta property=\"og:type\" content=\"article\" \/>\n<meta property=\"og:title\" content=\"\u00c9change r\u00e9ussi : Les Juniors de l&#039;\u00e9conomie de Heidelberg en visite\" \/>\n<meta property=\"og:description\" content=\"Les Juniors de l&#039;\u00e9conomie de Heidelberg visitent le Kurpfalz-Internat dans le cadre du projet &quot;WJ Karriere Kompass&quot;.\" \/>\n<meta property=\"og:url\" content=\"https:\/\/www.kurpfalz-internat.de\/fr\/echange-reussi-les-juniors-de-leconomie-de-heidelberg-en-visite\" \/>\n<meta property=\"og:site_name\" content=\"Kurpfalz Internat\" \/>\n<meta property=\"article:published_time\" content=\"2025-01-27T11:47:15+00:00\" \/>\n<meta property=\"article:modified_time\" content=\"2026-01-27T10:46:54+00:00\" \/>\n<meta name=\"author\" content=\"Schloss Torgelow\" \/>\n<meta name=\"twitter:card\" content=\"summary_large_image\" \/>\n<meta name=\"twitter:label1\" content=\"\u00c9crit par\" \/>\n\t<meta name=\"twitter:data1\" content=\"Schloss Torgelow\" \/>\n\t<meta name=\"twitter:label2\" content=\"Dur\u00e9e de lecture estim\u00e9e\" \/>\n\t<meta name=\"twitter:data2\" content=\"2 minutes\" \/>\n<script type=\"application\/ld+json\" class=\"yoast-schema-graph\">{\"@context\":\"https:\/\/schema.org\",\"@graph\":[{\"@type\":\"Article\",\"@id\":\"https:\/\/www.kurpfalz-internat.de\/fr\/echange-reussi-les-juniors-de-leconomie-de-heidelberg-en-visite#article\",\"isPartOf\":{\"@id\":\"https:\/\/www.kurpfalz-internat.de\/fr\/echange-reussi-les-juniors-de-leconomie-de-heidelberg-en-visite\"},\"author\":{\"name\":\"Schloss Torgelow\",\"@id\":\"https:\/\/www.kurpfalz-internat.de\/fr#\/schema\/person\/b76bbb367f3a20c7ced1339e4875691e\"},\"headline\":\"\u00c9change r\u00e9ussi : Les Juniors de l&rsquo;\u00e9conomie de Heidelberg en visite\",\"datePublished\":\"2025-01-27T11:47:15+00:00\",\"dateModified\":\"2026-01-27T10:46:54+00:00\",\"mainEntityOfPage\":{\"@id\":\"https:\/\/www.kurpfalz-internat.de\/fr\/echange-reussi-les-juniors-de-leconomie-de-heidelberg-en-visite\"},\"wordCount\":502,\"image\":{\"@id\":\"https:\/\/www.kurpfalz-internat.de\/fr\/echange-reussi-les-juniors-de-leconomie-de-heidelberg-en-visite#primaryimage\"},\"thumbnailUrl\":\"https:\/\/www.kurpfalz-internat.de\/wp-content\/uploads\/sites\/2\/2025\/09\/wirtschaftsjunioren-2025_header_st.avif\",\"articleSection\":[\"Actualit\u00e9s Kurpfalz\"],\"inLanguage\":\"fr-FR\"},{\"@type\":\"WebPage\",\"@id\":\"https:\/\/www.kurpfalz-internat.de\/fr\/echange-reussi-les-juniors-de-leconomie-de-heidelberg-en-visite#webpage\",\"url\":\"https:\/\/www.kurpfalz-internat.de\/fr\/echange-reussi-les-juniors-de-leconomie-de-heidelberg-en-visite\",\"name\":\"\u00c9change r\u00e9ussi : Les Juniors de l'\u00e9conomie de Heidelberg en visite\",\"isPartOf\":{\"@id\":\"https:\/\/www.kurpfalz-internat.de\/fr#website\"},\"primaryImageOfPage\":{\"@id\":\"https:\/\/www.kurpfalz-internat.de\/fr\/echange-reussi-les-juniors-de-leconomie-de-heidelberg-en-visite#primaryimage\"},\"image\":{\"@id\":\"https:\/\/www.kurpfalz-internat.de\/fr\/echange-reussi-les-juniors-de-leconomie-de-heidelberg-en-visite#primaryimage\"},\"thumbnailUrl\":\"https:\/\/www.kurpfalz-internat.de\/wp-content\/uploads\/sites\/2\/2025\/09\/wirtschaftsjunioren-2025_header_st.avif\",\"datePublished\":\"2025-01-27T11:47:15+00:00\",\"dateModified\":\"2026-01-27T10:46:54+00:00\",\"author\":{\"@id\":\"https:\/\/www.kurpfalz-internat.de\/fr#\/schema\/person\/b76bbb367f3a20c7ced1339e4875691e\"},\"description\":\"Les Juniors de l'\u00e9conomie de Heidelberg visitent le Kurpfalz-Internat dans le cadre du projet \\\"WJ Karriere Kompass\\\".\",\"breadcrumb\":{\"@id\":\"https:\/\/www.kurpfalz-internat.de\/fr\/echange-reussi-les-juniors-de-leconomie-de-heidelberg-en-visite#breadcrumb\"},\"inLanguage\":\"fr-FR\",\"potentialAction\":[{\"@type\":\"ReadAction\",\"target\":[\"https:\/\/www.kurpfalz-internat.de\/fr\/echange-reussi-les-juniors-de-leconomie-de-heidelberg-en-visite\"]}]},{\"@type\":\"ImageObject\",\"inLanguage\":\"fr-FR\",\"@id\":\"https:\/\/www.kurpfalz-internat.de\/fr\/echange-reussi-les-juniors-de-leconomie-de-heidelberg-en-visite#primaryimage\",\"url\":\"https:\/\/www.kurpfalz-internat.de\/wp-content\/uploads\/sites\/2\/2025\/09\/wirtschaftsjunioren-2025_header_st.avif\",\"contentUrl\":\"https:\/\/www.kurpfalz-internat.de\/wp-content\/uploads\/sites\/2\/2025\/09\/wirtschaftsjunioren-2025_header_st.avif\",\"width\":1920,\"height\":1080,\"caption\":\"\u00c9change r\u00e9ussi : Les Juniors de l'\u00e9conomie de Heidelberg en visite\"},{\"@type\":\"BreadcrumbList\",\"@id\":\"https:\/\/www.kurpfalz-internat.de\/fr\/echange-reussi-les-juniors-de-leconomie-de-heidelberg-en-visite#breadcrumb\",\"itemListElement\":[{\"@type\":\"ListItem\",\"position\":1,\"name\":\"Startseite\",\"item\":\"https:\/\/www.kurpfalz-internat.de\/fr\"},{\"@type\":\"ListItem\",\"position\":2,\"name\":\"\u00c9change r\u00e9ussi : Les Juniors de l&#8217;\u00e9conomie de Heidelberg en visite\"}]},{\"@type\":\"WebSite\",\"@id\":\"https:\/\/www.kurpfalz-internat.de\/fr#website\",\"url\":\"https:\/\/www.kurpfalz-internat.de\/fr\",\"name\":\"Kurpfalz Internat\",\"description\":\"Le pensionnat priv\u00e9 de Kurpfalz avec un lyc\u00e9e et un coll\u00e8ge \u2013 pour les \u00e9l\u00e8ves qui recherchent un d\u00e9fi.\",\"potentialAction\":[{\"@type\":\"SearchAction\",\"target\":{\"@type\":\"EntryPoint\",\"urlTemplate\":\"https:\/\/www.kurpfalz-internat.de\/fr?s={search_term_string}\"},\"query-input\":{\"@type\":\"PropertyValueSpecification\",\"valueRequired\":true,\"valueName\":\"search_term_string\"}}],\"inLanguage\":\"fr-FR\"},{\"@type\":\"Person\",\"@id\":\"https:\/\/www.kurpfalz-internat.de\/fr#\/schema\/person\/b76bbb367f3a20c7ced1339e4875691e\",\"name\":\"Schloss Torgelow\",\"image\":{\"@type\":\"ImageObject\",\"inLanguage\":\"fr-FR\",\"@id\":\"https:\/\/www.kurpfalz-internat.de\/fr#\/schema\/person\/image\/\",\"url\":\"https:\/\/secure.gravatar.com\/avatar\/4bad9bf1bee90f77b98693d3ad03ade085c80c169595427c58c58e5b069f49e1?s=96&d=mm&r=g\",\"contentUrl\":\"https:\/\/secure.gravatar.com\/avatar\/4bad9bf1bee90f77b98693d3ad03ade085c80c169595427c58c58e5b069f49e1?s=96&d=mm&r=g\",\"caption\":\"Schloss Torgelow\"},\"sameAs\":[\"https:\/\/www.schlosstorgelow.de\"]}]}<\/script>\n<!-- \/ Yoast SEO plugin. -->","yoast_head_json":{"title":"\u00c9change r\u00e9ussi : Les Juniors de l'\u00e9conomie de Heidelberg en visite","description":"Les Juniors de l'\u00e9conomie de Heidelberg visitent le Kurpfalz-Internat dans le cadre du projet \"WJ Karriere Kompass\".","robots":{"index":"index","follow":"follow","max-snippet":"max-snippet:-1","max-image-preview":"max-image-preview:large","max-video-preview":"max-video-preview:-1"},"canonical":"https:\/\/www.kurpfalz-internat.de\/fr\/echange-reussi-les-juniors-de-leconomie-de-heidelberg-en-visite","og_locale":"fr_FR","og_type":"article","og_title":"\u00c9change r\u00e9ussi : Les Juniors de l'\u00e9conomie de Heidelberg en visite","og_description":"Les Juniors de l'\u00e9conomie de Heidelberg visitent le Kurpfalz-Internat dans le cadre du projet \"WJ Karriere Kompass\".","og_url":"https:\/\/www.kurpfalz-internat.de\/fr\/echange-reussi-les-juniors-de-leconomie-de-heidelberg-en-visite","og_site_name":"Kurpfalz Internat","article_published_time":"2025-01-27T11:47:15+00:00","article_modified_time":"2026-01-27T10:46:54+00:00","author":"Schloss Torgelow","twitter_card":"summary_large_image","twitter_misc":{"\u00c9crit par":"Schloss Torgelow","Dur\u00e9e de lecture estim\u00e9e":"2 minutes"},"schema":{"@context":"https:\/\/schema.org","@graph":[{"@type":"Article","@id":"https:\/\/www.kurpfalz-internat.de\/fr\/echange-reussi-les-juniors-de-leconomie-de-heidelberg-en-visite#article","isPartOf":{"@id":"https:\/\/www.kurpfalz-internat.de\/fr\/echange-reussi-les-juniors-de-leconomie-de-heidelberg-en-visite"},"author":{"name":"Schloss Torgelow","@id":"https:\/\/www.kurpfalz-internat.de\/fr#\/schema\/person\/b76bbb367f3a20c7ced1339e4875691e"},"headline":"\u00c9change r\u00e9ussi : Les Juniors de l&rsquo;\u00e9conomie de Heidelberg en visite","datePublished":"2025-01-27T11:47:15+00:00","dateModified":"2026-01-27T10:46:54+00:00","mainEntityOfPage":{"@id":"https:\/\/www.kurpfalz-internat.de\/fr\/echange-reussi-les-juniors-de-leconomie-de-heidelberg-en-visite"},"wordCount":502,"image":{"@id":"https:\/\/www.kurpfalz-internat.de\/fr\/echange-reussi-les-juniors-de-leconomie-de-heidelberg-en-visite#primaryimage"},"thumbnailUrl":"https:\/\/www.kurpfalz-internat.de\/wp-content\/uploads\/sites\/2\/2025\/09\/wirtschaftsjunioren-2025_header_st.avif","articleSection":["Actualit\u00e9s Kurpfalz"],"inLanguage":"fr-FR"},{"@type":"WebPage","@id":"https:\/\/www.kurpfalz-internat.de\/fr\/echange-reussi-les-juniors-de-leconomie-de-heidelberg-en-visite#webpage","url":"https:\/\/www.kurpfalz-internat.de\/fr\/echange-reussi-les-juniors-de-leconomie-de-heidelberg-en-visite","name":"\u00c9change r\u00e9ussi : Les Juniors de l'\u00e9conomie de Heidelberg en visite","isPartOf":{"@id":"https:\/\/www.kurpfalz-internat.de\/fr#website"},"primaryImageOfPage":{"@id":"https:\/\/www.kurpfalz-internat.de\/fr\/echange-reussi-les-juniors-de-leconomie-de-heidelberg-en-visite#primaryimage"},"image":{"@id":"https:\/\/www.kurpfalz-internat.de\/fr\/echange-reussi-les-juniors-de-leconomie-de-heidelberg-en-visite#primaryimage"},"thumbnailUrl":"https:\/\/www.kurpfalz-internat.de\/wp-content\/uploads\/sites\/2\/2025\/09\/wirtschaftsjunioren-2025_header_st.avif","datePublished":"2025-01-27T11:47:15+00:00","dateModified":"2026-01-27T10:46:54+00:00","author":{"@id":"https:\/\/www.kurpfalz-internat.de\/fr#\/schema\/person\/b76bbb367f3a20c7ced1339e4875691e"},"description":"Les Juniors de l'\u00e9conomie de Heidelberg visitent le Kurpfalz-Internat dans le cadre du projet \"WJ Karriere Kompass\".","breadcrumb":{"@id":"https:\/\/www.kurpfalz-internat.de\/fr\/echange-reussi-les-juniors-de-leconomie-de-heidelberg-en-visite#breadcrumb"},"inLanguage":"fr-FR","potentialAction":[{"@type":"ReadAction","target":["https:\/\/www.kurpfalz-internat.de\/fr\/echange-reussi-les-juniors-de-leconomie-de-heidelberg-en-visite"]}]},{"@type":"ImageObject","inLanguage":"fr-FR","@id":"https:\/\/www.kurpfalz-internat.de\/fr\/echange-reussi-les-juniors-de-leconomie-de-heidelberg-en-visite#primaryimage","url":"https:\/\/www.kurpfalz-internat.de\/wp-content\/uploads\/sites\/2\/2025\/09\/wirtschaftsjunioren-2025_header_st.avif","contentUrl":"https:\/\/www.kurpfalz-internat.de\/wp-content\/uploads\/sites\/2\/2025\/09\/wirtschaftsjunioren-2025_header_st.avif","width":1920,"height":1080,"caption":"\u00c9change r\u00e9ussi : Les Juniors de l'\u00e9conomie de Heidelberg en visite"},{"@type":"BreadcrumbList","@id":"https:\/\/www.kurpfalz-internat.de\/fr\/echange-reussi-les-juniors-de-leconomie-de-heidelberg-en-visite#breadcrumb","itemListElement":[{"@type":"ListItem","position":1,"name":"Startseite","item":"https:\/\/www.kurpfalz-internat.de\/fr"},{"@type":"ListItem","position":2,"name":"\u00c9change r\u00e9ussi : Les Juniors de l&#8217;\u00e9conomie de Heidelberg en visite"}]},{"@type":"WebSite","@id":"https:\/\/www.kurpfalz-internat.de\/fr#website","url":"https:\/\/www.kurpfalz-internat.de\/fr","name":"Kurpfalz Internat","description":"Le pensionnat priv\u00e9 de Kurpfalz avec un lyc\u00e9e et un coll\u00e8ge \u2013 pour les \u00e9l\u00e8ves qui recherchent un d\u00e9fi.","potentialAction":[{"@type":"SearchAction","target":{"@type":"EntryPoint","urlTemplate":"https:\/\/www.kurpfalz-internat.de\/fr?s={search_term_string}"},"query-input":{"@type":"PropertyValueSpecification","valueRequired":true,"valueName":"search_term_string"}}],"inLanguage":"fr-FR"},{"@type":"Person","@id":"https:\/\/www.kurpfalz-internat.de\/fr#\/schema\/person\/b76bbb367f3a20c7ced1339e4875691e","name":"Schloss Torgelow","image":{"@type":"ImageObject","inLanguage":"fr-FR","@id":"https:\/\/www.kurpfalz-internat.de\/fr#\/schema\/person\/image\/","url":"https:\/\/secure.gravatar.com\/avatar\/4bad9bf1bee90f77b98693d3ad03ade085c80c169595427c58c58e5b069f49e1?s=96&d=mm&r=g","contentUrl":"https:\/\/secure.gravatar.com\/avatar\/4bad9bf1bee90f77b98693d3ad03ade085c80c169595427c58c58e5b069f49e1?s=96&d=mm&r=g","caption":"Schloss Torgelow"},"sameAs":["https:\/\/www.schlosstorgelow.de"]}]}},"block_visibility_meta":[],"_links":{"self":[{"href":"https:\/\/www.kurpfalz-internat.de\/fr\/wp-json\/wp\/v2\/posts\/48096","targetHints":{"allow":["GET"]}}],"collection":[{"href":"https:\/\/www.kurpfalz-internat.de\/fr\/wp-json\/wp\/v2\/posts"}],"about":[{"href":"https:\/\/www.kurpfalz-internat.de\/fr\/wp-json\/wp\/v2\/types\/post"}],"author":[{"embeddable":true,"href":"https:\/\/www.kurpfalz-internat.de\/fr\/wp-json\/wp\/v2\/users\/1"}],"replies":[{"embeddable":true,"href":"https:\/\/www.kurpfalz-internat.de\/fr\/wp-json\/wp\/v2\/comments?post=48096"}],"version-history":[{"count":1,"href":"https:\/\/www.kurpfalz-internat.de\/fr\/wp-json\/wp\/v2\/posts\/48096\/revisions"}],"predecessor-version":[{"id":48097,"href":"https:\/\/www.kurpfalz-internat.de\/fr\/wp-json\/wp\/v2\/posts\/48096\/revisions\/48097"}],"wp:featuredmedia":[{"embeddable":true,"href":"https:\/\/www.kurpfalz-internat.de\/fr\/wp-json\/wp\/v2\/media\/25297"}],"wp:attachment":[{"href":"https:\/\/www.kurpfalz-internat.de\/fr\/wp-json\/wp\/v2\/media?parent=48096"}],"wp:term":[{"taxonomy":"category","embeddable":true,"href":"https:\/\/www.kurpfalz-internat.de\/fr\/wp-json\/wp\/v2\/categories?post=48096"},{"taxonomy":"post_tag","embeddable":true,"href":"https:\/\/www.kurpfalz-internat.de\/fr\/wp-json\/wp\/v2\/tags?post=48096"}],"curies":[{"name":"wp","href":"https:\/\/api.w.org\/{rel}","templated":true}]}}