{"id":48166,"date":"2025-03-18T10:50:27","date_gmt":"2025-03-18T10:50:27","guid":{"rendered":"https:\/\/www.kurpfalz-internat.de\/engagement-fort-lors-de-la-finale-de-district-a-bruchsal"},"modified":"2026-01-27T10:46:51","modified_gmt":"2026-01-27T10:46:51","slug":"engagement-fort-lors-de-la-finale-de-district-a-bruchsal","status":"publish","type":"post","link":"https:\/\/www.kurpfalz-internat.de\/fr\/engagement-fort-lors-de-la-finale-de-district-a-bruchsal","title":{"rendered":"Engagement fort lors de la finale de district \u00e0 Bruchsal"},"content":{"rendered":"\n<p><i>Gr\u00e2ce \u00e0 une performance de qualification solide, notre \u00e9quipe de basket a pu participer \u00e0 la finale de district \u00e0 Bruchsal. Le tournoi s&rsquo;est d\u00e9roul\u00e9 en deux groupes de trois \u00e9quipes, les vainqueurs et les deuxi\u00e8mes des groupes jouant ensuite en demi-finales et en finale pour le titre.  <\/i><\/p>\n\n<p>Pour la finale de district, nous avons pu recruter Marlene, une autre joueuse qui a d\u00e9j\u00e0 de l&rsquo;exp\u00e9rience en club. Malgr\u00e9 des d\u00e9savantages physiques face aux gar\u00e7ons, g\u00e9n\u00e9ralement plus \u00e2g\u00e9s, elle a r\u00e9ussi \u00e0 marquer les premiers points pour notre \u00e9quipe. <\/p>\n\n<p>Dans l&rsquo;ensemble, notre \u00e9quipe a eu du mal dans les deux matchs. Dans le premier match, nous avons bien tenu le coup en premi\u00e8re mi-temps, surtout Hendrik qui trouvait r\u00e9guli\u00e8rement le chemin du panier. Apr\u00e8s la pause, les adversaires ont commenc\u00e9 \u00e0 mieux utiliser leur exp\u00e9rience en tant que joueurs de club et ont peu \u00e0 peu pris le large. Dans le deuxi\u00e8me match, nous avons affront\u00e9 le coll\u00e8ge Gregor-Mendel de Heidelberg, qui alignait deux joueurs de la Bundesliga junior. Face \u00e0 cette \u00e9quipe sup\u00e9rieure, nos joueuses et joueurs n&rsquo;ont malheureusement pas su r\u00e9agir, m\u00eame si Darius a pu marquer quelques points gr\u00e2ce \u00e0 des rebonds offensifs de temps en temps.    <\/p>\n\n<p>Malgr\u00e9 les d\u00e9fis, un d\u00e9veloppement ludique par rapport au premier tournoi \u00e9tait clairement \u00e9vident. Tout le monde a donn\u00e9 le meilleur de soi-m\u00eame, a fait preuve d&rsquo;un engagement total et a lutt\u00e9 jusqu&rsquo;\u00e0 la fin &#8211; une performance formidable ! <\/p>\n","protected":false},"excerpt":{"rendered":"<p>Gr\u00e2ce \u00e0 une performance de qualification solide, notre \u00e9quipe de basket a eu l&rsquo;occasion de participer \u00e0 la finale de district de JtfO \u00e0 Bruchsal.<\/p>\n","protected":false},"author":1,"featured_media":25264,"comment_status":"closed","ping_status":"closed","sticky":false,"template":"","format":"standard","meta":{"_acf_changed":false,"_yoast_wpseo_title":"Engagement fort lors de la finale de district \u00e0 Bruchsal","_yoast_wpseo_metadesc":"Gr\u00e2ce \u00e0 une performance de qualification solide, notre \u00e9quipe de basket a pu participer \u00e0 la finale de district \u00e0 Bruchsal.","excerpt":"Gr\u00e2ce \u00e0 une performance de qualification solide, notre \u00e9quipe de basket a eu l'occasion de participer \u00e0 la finale de district de JtfO \u00e0 Bruchsal.","footnotes":""},"categories":[18],"tags":[],"class_list":{"0":"post-48166","1":"post","2":"type-post","3":"status-publish","4":"format-standard","5":"has-post-thumbnail","7":"category-actualites-kurpfalz"},"acf":[],"yoast_head":"<!-- This site is optimized with the Yoast SEO plugin v26.9 - https:\/\/yoast.com\/product\/yoast-seo-wordpress\/ -->\n<title>Engagement fort lors de la finale de district \u00e0 Bruchsal<\/title>\n<meta name=\"description\" content=\"Gr\u00e2ce \u00e0 une performance de qualification solide, notre \u00e9quipe de basket a pu participer \u00e0 la finale de district \u00e0 Bruchsal.\" \/>\n<meta name=\"robots\" content=\"index, follow, max-snippet:-1, max-image-preview:large, max-video-preview:-1\" \/>\n<link rel=\"canonical\" href=\"https:\/\/www.kurpfalz-internat.de\/fr\/engagement-fort-lors-de-la-finale-de-district-a-bruchsal\" \/>\n<meta property=\"og:locale\" content=\"fr_FR\" \/>\n<meta property=\"og:type\" content=\"article\" \/>\n<meta property=\"og:title\" content=\"Engagement fort lors de la finale de district \u00e0 Bruchsal\" \/>\n<meta property=\"og:description\" content=\"Gr\u00e2ce \u00e0 une performance de qualification solide, notre \u00e9quipe de basket a pu participer \u00e0 la finale de district \u00e0 Bruchsal.\" \/>\n<meta property=\"og:url\" content=\"https:\/\/www.kurpfalz-internat.de\/fr\/engagement-fort-lors-de-la-finale-de-district-a-bruchsal\" \/>\n<meta property=\"og:site_name\" content=\"Kurpfalz Internat\" \/>\n<meta property=\"article:published_time\" content=\"2025-03-18T10:50:27+00:00\" \/>\n<meta property=\"article:modified_time\" content=\"2026-01-27T10:46:51+00:00\" \/>\n<meta name=\"author\" content=\"Schloss Torgelow\" \/>\n<meta name=\"twitter:card\" content=\"summary_large_image\" \/>\n<meta name=\"twitter:label1\" content=\"\u00c9crit par\" \/>\n\t<meta name=\"twitter:data1\" content=\"Schloss Torgelow\" \/>\n\t<meta name=\"twitter:label2\" content=\"Dur\u00e9e de lecture estim\u00e9e\" \/>\n\t<meta name=\"twitter:data2\" content=\"1 minute\" \/>\n<script type=\"application\/ld+json\" class=\"yoast-schema-graph\">{\"@context\":\"https:\/\/schema.org\",\"@graph\":[{\"@type\":\"Article\",\"@id\":\"https:\/\/www.kurpfalz-internat.de\/fr\/engagement-fort-lors-de-la-finale-de-district-a-bruchsal#article\",\"isPartOf\":{\"@id\":\"https:\/\/www.kurpfalz-internat.de\/fr\/engagement-fort-lors-de-la-finale-de-district-a-bruchsal\"},\"author\":{\"name\":\"Schloss Torgelow\",\"@id\":\"https:\/\/www.kurpfalz-internat.de\/fr#\/schema\/person\/b76bbb367f3a20c7ced1339e4875691e\"},\"headline\":\"Engagement fort lors de la finale de district \u00e0 Bruchsal\",\"datePublished\":\"2025-03-18T10:50:27+00:00\",\"dateModified\":\"2026-01-27T10:46:51+00:00\",\"mainEntityOfPage\":{\"@id\":\"https:\/\/www.kurpfalz-internat.de\/fr\/engagement-fort-lors-de-la-finale-de-district-a-bruchsal\"},\"wordCount\":270,\"image\":{\"@id\":\"https:\/\/www.kurpfalz-internat.de\/fr\/engagement-fort-lors-de-la-finale-de-district-a-bruchsal#primaryimage\"},\"thumbnailUrl\":\"https:\/\/www.kurpfalz-internat.de\/wp-content\/uploads\/sites\/2\/2025\/09\/jtfo-finale_header_st.avif\",\"articleSection\":[\"Actualit\u00e9s Kurpfalz\"],\"inLanguage\":\"fr-FR\"},{\"@type\":\"WebPage\",\"@id\":\"https:\/\/www.kurpfalz-internat.de\/fr\/engagement-fort-lors-de-la-finale-de-district-a-bruchsal#webpage\",\"url\":\"https:\/\/www.kurpfalz-internat.de\/fr\/engagement-fort-lors-de-la-finale-de-district-a-bruchsal\",\"name\":\"Engagement fort lors de la finale de district \u00e0 Bruchsal\",\"isPartOf\":{\"@id\":\"https:\/\/www.kurpfalz-internat.de\/fr#website\"},\"primaryImageOfPage\":{\"@id\":\"https:\/\/www.kurpfalz-internat.de\/fr\/engagement-fort-lors-de-la-finale-de-district-a-bruchsal#primaryimage\"},\"image\":{\"@id\":\"https:\/\/www.kurpfalz-internat.de\/fr\/engagement-fort-lors-de-la-finale-de-district-a-bruchsal#primaryimage\"},\"thumbnailUrl\":\"https:\/\/www.kurpfalz-internat.de\/wp-content\/uploads\/sites\/2\/2025\/09\/jtfo-finale_header_st.avif\",\"datePublished\":\"2025-03-18T10:50:27+00:00\",\"dateModified\":\"2026-01-27T10:46:51+00:00\",\"author\":{\"@id\":\"https:\/\/www.kurpfalz-internat.de\/fr#\/schema\/person\/b76bbb367f3a20c7ced1339e4875691e\"},\"description\":\"Gr\u00e2ce \u00e0 une performance de qualification solide, notre \u00e9quipe de basket a pu participer \u00e0 la finale de district \u00e0 Bruchsal.\",\"breadcrumb\":{\"@id\":\"https:\/\/www.kurpfalz-internat.de\/fr\/engagement-fort-lors-de-la-finale-de-district-a-bruchsal#breadcrumb\"},\"inLanguage\":\"fr-FR\",\"potentialAction\":[{\"@type\":\"ReadAction\",\"target\":[\"https:\/\/www.kurpfalz-internat.de\/fr\/engagement-fort-lors-de-la-finale-de-district-a-bruchsal\"]}]},{\"@type\":\"ImageObject\",\"inLanguage\":\"fr-FR\",\"@id\":\"https:\/\/www.kurpfalz-internat.de\/fr\/engagement-fort-lors-de-la-finale-de-district-a-bruchsal#primaryimage\",\"url\":\"https:\/\/www.kurpfalz-internat.de\/wp-content\/uploads\/sites\/2\/2025\/09\/jtfo-finale_header_st.avif\",\"contentUrl\":\"https:\/\/www.kurpfalz-internat.de\/wp-content\/uploads\/sites\/2\/2025\/09\/jtfo-finale_header_st.avif\",\"width\":1920,\"height\":1080,\"caption\":\"Internat Schloss Torgelow 23.06.2021 Photo : Nikola Kuzmanic\"},{\"@type\":\"BreadcrumbList\",\"@id\":\"https:\/\/www.kurpfalz-internat.de\/fr\/engagement-fort-lors-de-la-finale-de-district-a-bruchsal#breadcrumb\",\"itemListElement\":[{\"@type\":\"ListItem\",\"position\":1,\"name\":\"Startseite\",\"item\":\"https:\/\/www.kurpfalz-internat.de\/fr\"},{\"@type\":\"ListItem\",\"position\":2,\"name\":\"Engagement fort lors de la finale de district \u00e0 Bruchsal\"}]},{\"@type\":\"WebSite\",\"@id\":\"https:\/\/www.kurpfalz-internat.de\/fr#website\",\"url\":\"https:\/\/www.kurpfalz-internat.de\/fr\",\"name\":\"Kurpfalz Internat\",\"description\":\"Le pensionnat priv\u00e9 de Kurpfalz avec un lyc\u00e9e et un coll\u00e8ge \u2013 pour les \u00e9l\u00e8ves qui recherchent un d\u00e9fi.\",\"potentialAction\":[{\"@type\":\"SearchAction\",\"target\":{\"@type\":\"EntryPoint\",\"urlTemplate\":\"https:\/\/www.kurpfalz-internat.de\/fr?s={search_term_string}\"},\"query-input\":{\"@type\":\"PropertyValueSpecification\",\"valueRequired\":true,\"valueName\":\"search_term_string\"}}],\"inLanguage\":\"fr-FR\"},{\"@type\":\"Person\",\"@id\":\"https:\/\/www.kurpfalz-internat.de\/fr#\/schema\/person\/b76bbb367f3a20c7ced1339e4875691e\",\"name\":\"Schloss Torgelow\",\"image\":{\"@type\":\"ImageObject\",\"inLanguage\":\"fr-FR\",\"@id\":\"https:\/\/www.kurpfalz-internat.de\/fr#\/schema\/person\/image\/\",\"url\":\"https:\/\/secure.gravatar.com\/avatar\/4bad9bf1bee90f77b98693d3ad03ade085c80c169595427c58c58e5b069f49e1?s=96&d=mm&r=g\",\"contentUrl\":\"https:\/\/secure.gravatar.com\/avatar\/4bad9bf1bee90f77b98693d3ad03ade085c80c169595427c58c58e5b069f49e1?s=96&d=mm&r=g\",\"caption\":\"Schloss Torgelow\"},\"sameAs\":[\"https:\/\/www.schlosstorgelow.de\"]}]}<\/script>\n<!-- \/ Yoast SEO plugin. -->","yoast_head_json":{"title":"Engagement fort lors de la finale de district \u00e0 Bruchsal","description":"Gr\u00e2ce \u00e0 une performance de qualification solide, notre \u00e9quipe de basket a pu participer \u00e0 la finale de district \u00e0 Bruchsal.","robots":{"index":"index","follow":"follow","max-snippet":"max-snippet:-1","max-image-preview":"max-image-preview:large","max-video-preview":"max-video-preview:-1"},"canonical":"https:\/\/www.kurpfalz-internat.de\/fr\/engagement-fort-lors-de-la-finale-de-district-a-bruchsal","og_locale":"fr_FR","og_type":"article","og_title":"Engagement fort lors de la finale de district \u00e0 Bruchsal","og_description":"Gr\u00e2ce \u00e0 une performance de qualification solide, notre \u00e9quipe de basket a pu participer \u00e0 la finale de district \u00e0 Bruchsal.","og_url":"https:\/\/www.kurpfalz-internat.de\/fr\/engagement-fort-lors-de-la-finale-de-district-a-bruchsal","og_site_name":"Kurpfalz Internat","article_published_time":"2025-03-18T10:50:27+00:00","article_modified_time":"2026-01-27T10:46:51+00:00","author":"Schloss Torgelow","twitter_card":"summary_large_image","twitter_misc":{"\u00c9crit par":"Schloss Torgelow","Dur\u00e9e de lecture estim\u00e9e":"1 minute"},"schema":{"@context":"https:\/\/schema.org","@graph":[{"@type":"Article","@id":"https:\/\/www.kurpfalz-internat.de\/fr\/engagement-fort-lors-de-la-finale-de-district-a-bruchsal#article","isPartOf":{"@id":"https:\/\/www.kurpfalz-internat.de\/fr\/engagement-fort-lors-de-la-finale-de-district-a-bruchsal"},"author":{"name":"Schloss Torgelow","@id":"https:\/\/www.kurpfalz-internat.de\/fr#\/schema\/person\/b76bbb367f3a20c7ced1339e4875691e"},"headline":"Engagement fort lors de la finale de district \u00e0 Bruchsal","datePublished":"2025-03-18T10:50:27+00:00","dateModified":"2026-01-27T10:46:51+00:00","mainEntityOfPage":{"@id":"https:\/\/www.kurpfalz-internat.de\/fr\/engagement-fort-lors-de-la-finale-de-district-a-bruchsal"},"wordCount":270,"image":{"@id":"https:\/\/www.kurpfalz-internat.de\/fr\/engagement-fort-lors-de-la-finale-de-district-a-bruchsal#primaryimage"},"thumbnailUrl":"https:\/\/www.kurpfalz-internat.de\/wp-content\/uploads\/sites\/2\/2025\/09\/jtfo-finale_header_st.avif","articleSection":["Actualit\u00e9s Kurpfalz"],"inLanguage":"fr-FR"},{"@type":"WebPage","@id":"https:\/\/www.kurpfalz-internat.de\/fr\/engagement-fort-lors-de-la-finale-de-district-a-bruchsal#webpage","url":"https:\/\/www.kurpfalz-internat.de\/fr\/engagement-fort-lors-de-la-finale-de-district-a-bruchsal","name":"Engagement fort lors de la finale de district \u00e0 Bruchsal","isPartOf":{"@id":"https:\/\/www.kurpfalz-internat.de\/fr#website"},"primaryImageOfPage":{"@id":"https:\/\/www.kurpfalz-internat.de\/fr\/engagement-fort-lors-de-la-finale-de-district-a-bruchsal#primaryimage"},"image":{"@id":"https:\/\/www.kurpfalz-internat.de\/fr\/engagement-fort-lors-de-la-finale-de-district-a-bruchsal#primaryimage"},"thumbnailUrl":"https:\/\/www.kurpfalz-internat.de\/wp-content\/uploads\/sites\/2\/2025\/09\/jtfo-finale_header_st.avif","datePublished":"2025-03-18T10:50:27+00:00","dateModified":"2026-01-27T10:46:51+00:00","author":{"@id":"https:\/\/www.kurpfalz-internat.de\/fr#\/schema\/person\/b76bbb367f3a20c7ced1339e4875691e"},"description":"Gr\u00e2ce \u00e0 une performance de qualification solide, notre \u00e9quipe de basket a pu participer \u00e0 la finale de district \u00e0 Bruchsal.","breadcrumb":{"@id":"https:\/\/www.kurpfalz-internat.de\/fr\/engagement-fort-lors-de-la-finale-de-district-a-bruchsal#breadcrumb"},"inLanguage":"fr-FR","potentialAction":[{"@type":"ReadAction","target":["https:\/\/www.kurpfalz-internat.de\/fr\/engagement-fort-lors-de-la-finale-de-district-a-bruchsal"]}]},{"@type":"ImageObject","inLanguage":"fr-FR","@id":"https:\/\/www.kurpfalz-internat.de\/fr\/engagement-fort-lors-de-la-finale-de-district-a-bruchsal#primaryimage","url":"https:\/\/www.kurpfalz-internat.de\/wp-content\/uploads\/sites\/2\/2025\/09\/jtfo-finale_header_st.avif","contentUrl":"https:\/\/www.kurpfalz-internat.de\/wp-content\/uploads\/sites\/2\/2025\/09\/jtfo-finale_header_st.avif","width":1920,"height":1080,"caption":"Internat Schloss Torgelow 23.06.2021 Photo : Nikola Kuzmanic"},{"@type":"BreadcrumbList","@id":"https:\/\/www.kurpfalz-internat.de\/fr\/engagement-fort-lors-de-la-finale-de-district-a-bruchsal#breadcrumb","itemListElement":[{"@type":"ListItem","position":1,"name":"Startseite","item":"https:\/\/www.kurpfalz-internat.de\/fr"},{"@type":"ListItem","position":2,"name":"Engagement fort lors de la finale de district \u00e0 Bruchsal"}]},{"@type":"WebSite","@id":"https:\/\/www.kurpfalz-internat.de\/fr#website","url":"https:\/\/www.kurpfalz-internat.de\/fr","name":"Kurpfalz Internat","description":"Le pensionnat priv\u00e9 de Kurpfalz avec un lyc\u00e9e et un coll\u00e8ge \u2013 pour les \u00e9l\u00e8ves qui recherchent un d\u00e9fi.","potentialAction":[{"@type":"SearchAction","target":{"@type":"EntryPoint","urlTemplate":"https:\/\/www.kurpfalz-internat.de\/fr?s={search_term_string}"},"query-input":{"@type":"PropertyValueSpecification","valueRequired":true,"valueName":"search_term_string"}}],"inLanguage":"fr-FR"},{"@type":"Person","@id":"https:\/\/www.kurpfalz-internat.de\/fr#\/schema\/person\/b76bbb367f3a20c7ced1339e4875691e","name":"Schloss Torgelow","image":{"@type":"ImageObject","inLanguage":"fr-FR","@id":"https:\/\/www.kurpfalz-internat.de\/fr#\/schema\/person\/image\/","url":"https:\/\/secure.gravatar.com\/avatar\/4bad9bf1bee90f77b98693d3ad03ade085c80c169595427c58c58e5b069f49e1?s=96&d=mm&r=g","contentUrl":"https:\/\/secure.gravatar.com\/avatar\/4bad9bf1bee90f77b98693d3ad03ade085c80c169595427c58c58e5b069f49e1?s=96&d=mm&r=g","caption":"Schloss Torgelow"},"sameAs":["https:\/\/www.schlosstorgelow.de"]}]}},"block_visibility_meta":[],"_links":{"self":[{"href":"https:\/\/www.kurpfalz-internat.de\/fr\/wp-json\/wp\/v2\/posts\/48166","targetHints":{"allow":["GET"]}}],"collection":[{"href":"https:\/\/www.kurpfalz-internat.de\/fr\/wp-json\/wp\/v2\/posts"}],"about":[{"href":"https:\/\/www.kurpfalz-internat.de\/fr\/wp-json\/wp\/v2\/types\/post"}],"author":[{"embeddable":true,"href":"https:\/\/www.kurpfalz-internat.de\/fr\/wp-json\/wp\/v2\/users\/1"}],"replies":[{"embeddable":true,"href":"https:\/\/www.kurpfalz-internat.de\/fr\/wp-json\/wp\/v2\/comments?post=48166"}],"version-history":[{"count":1,"href":"https:\/\/www.kurpfalz-internat.de\/fr\/wp-json\/wp\/v2\/posts\/48166\/revisions"}],"predecessor-version":[{"id":48167,"href":"https:\/\/www.kurpfalz-internat.de\/fr\/wp-json\/wp\/v2\/posts\/48166\/revisions\/48167"}],"wp:featuredmedia":[{"embeddable":true,"href":"https:\/\/www.kurpfalz-internat.de\/fr\/wp-json\/wp\/v2\/media\/25264"}],"wp:attachment":[{"href":"https:\/\/www.kurpfalz-internat.de\/fr\/wp-json\/wp\/v2\/media?parent=48166"}],"wp:term":[{"taxonomy":"category","embeddable":true,"href":"https:\/\/www.kurpfalz-internat.de\/fr\/wp-json\/wp\/v2\/categories?post=48166"},{"taxonomy":"post_tag","embeddable":true,"href":"https:\/\/www.kurpfalz-internat.de\/fr\/wp-json\/wp\/v2\/tags?post=48166"}],"curies":[{"name":"wp","href":"https:\/\/api.w.org\/{rel}","templated":true}]}}