{"id":48092,"date":"2025-03-20T13:48:30","date_gmt":"2025-03-20T13:48:30","guid":{"rendered":"https:\/\/www.kurpfalz-internat.de\/kueltuer-okulu-leipzig-ziyarette"},"modified":"2026-01-27T10:54:06","modified_gmt":"2026-01-27T10:54:06","slug":"kueltuer-okulu-leipzig-ziyarette","status":"publish","type":"post","link":"https:\/\/www.kurpfalz-internat.de\/tr\/kueltuer-okulu-leipzig-ziyarette","title":{"rendered":"\u201eK\u00fclt\u00fcr Okulu Leipzig\u201c ziyarette"},"content":{"rendered":"\n<p><i>Kurpfalz Internat\u2019\u0131n 9. s\u0131n\u0131ftan K2\u2019ye kadar olan \u00f6\u011frencileri, okulun kendi atriyumunda sahnelenen \u201cStauffenberg \u2013 Y\u00fcksek \u0130hanet mi, Direni\u015f mi\u201d adl\u0131 tiyatro prod\u00fcksiyonuna kat\u0131lma f\u0131rsat\u0131 buldular.  <\/i><a href=\"https:\/\/www.kulturschule.info\/\">\u201eK\u00fclt\u00fcr Okulu Leipzig\u201c<\/a> &#8211; Daniela ve G\u00fcnther Frese &#8211; ziyarete geldi ve tarihi konunun ba\u015ftan sona ba\u015far\u0131l\u0131 bir adaptasyonunu sundu. <\/p>\n\n<p><em>20 Temmuz 1944&#8217;te, Hitler suikast\u00e7isi Claus Schenk Graf von Stauffenberg, Do\u011fu Prusya&#8217;daki &#8220;F\u00fchrer karargah\u0131&#8221;nda bir bomba patlatt\u0131. Bomba hedefine ula\u015famad\u0131 ve Hitler hayatta kald\u0131. Stauffenberg, eyleminin bedelini ayn\u0131 gece ya\u015fam\u0131yla \u00f6dedi.  <\/em><\/p>\n\n<p><em>20 Temmuz 1944, Alman direni\u015finin diktat\u00f6rl\u00fc\u011fe ve Nazi ter\u00f6r\u00fcne kar\u015f\u0131 sembol\u00fc haline gelmi\u015ftir. Tarihe &#8220;Vicdan \u0130syan\u0131&#8221; olarak ge\u00e7ti. Bug\u00fcn bile \u2013 modern demokrasilerin kar\u015f\u0131la\u015ft\u0131\u011f\u0131 zorluklar g\u00f6z \u00f6n\u00fcnde bulunduruldu\u011funda \u2013 Claus Schenk Graf von Stauffenberg ve onun yolda\u015flar\u0131 \u00f6rnekler olarak kabul edilmekte ve bir\u00e7ok okul onun ad\u0131n\u0131 ta\u015f\u0131maktad\u0131r.  <\/em><\/p>\n\n<p>\u201eK\u00fclt\u00fcr Okulu Leipzig\u201c taraf\u0131ndan tasarlanan iki ki\u015filik oyun, her defas\u0131nda bir \u201emoderat\u00f6r fig\u00fcr\u00fc\u201c (Daniela Frese) ve Stauffenberg rol\u00fc (G\u00fcnther Frese) arac\u0131l\u0131\u011f\u0131yla Almanya&#8217;n\u0131n militarizm ve milliyet\u00e7ilik tarihinin Kaiser d\u00f6neminden, Birinci D\u00fcnya Sava\u015f\u0131&#8217;ndan, Weimar Cumhuriyeti&#8217;nden ve Hitler\u2019in iktidara geli\u015finden ba\u015flayarak Stauffenberg\u2019in suikastine ve nihayetinde onun sonuna kadar trajik bir \u015fekilde sahneye konulmu\u015ftur. Bu s\u00fcre\u00e7, Hitler\u2019in konu\u015fmalar\u0131 veya Wehrmacht\u2019\u0131n \u201elider\u201ce olan yeminleri gibi orijinal ses kay\u0131tlar\u0131yla s\u00fcrekli olarak desteklenmi\u015ftir. Gen\u00e7 Stauffenberg\u2019i, vatansever \u015fiirler yazarken ve ba\u015flang\u0131\u00e7ta yeni \u201eNasyonal Sosyalizm\u201c ile umutlar ba\u011flarken, ard\u0131ndan bir asker olarak rejimin ac\u0131mas\u0131z y\u00fcz\u00fcyle tan\u0131\u015f\u0131p, insanl\u0131k d\u0131\u015f\u0131 y\u00f6nlerini kararl\u0131 ve cesur bir \u015fekilde reddetmesiyle deneyimleme f\u0131rsat\u0131 bulduk \u2013 bu da kendi hayat\u0131n\u0131 feda etme ve \u015fiddet kullanma gereksinimini getiriyordu. Bu nedenle akla gelen bir soru giderek daha da \u00f6nem kazanmaya ba\u015flad\u0131: \u201eHitler\u2019i \u00f6ld\u00fcrmek ahlaki olarak gerekli miydi, uygun muydu yoksa bir zorunluluk muydu?\u201c  <\/p>\n\n<p>Serpi\u015ftirilen yorumlar sayesinde &#8220;Bir diktat\u00f6rl\u00fc\u011fe kar\u015f\u0131 diren\u00e7&#8221; konusunun g\u00fcncelli\u011fine de dikkat \u00e7ekildi &#8211; b\u00f6ylece oyun, &#8220;Irk\u00e7\u0131s\u0131z Okul &#8211; Cesaretli Okul&#8221; ve demokrasi e\u011fitimi ba\u011flam\u0131na yerle\u015fiyor; bunun i\u00e7in Kurpfalz Yat\u0131l\u0131 Okulu da \u00e7aba sarf etmektedir.<\/p>\n\n<p>\u0130zleyen tart\u0131\u015fma turunda, i\u015fleyen bir sivil toplumun ne kadar \u00f6nemli oldu\u011fu \u00f6zellikle vurguland\u0131; demokratik de\u011ferleri bar\u0131\u015f\u00e7\u0131l yollarla savunan ve gen\u00e7lere sorumluluklar\u0131n\u0131 a\u00e7\u0131k\u00e7a g\u00f6steren bir sivil toplum: &#8220;Bir daha asla, \u015fimdi!&#8221;<\/p>\n\n<p>[Rapportu yazan: D. Blum, Almanca ve Sosyal Bilimler B\u00f6l\u00fcm Ba\u015fkan\u0131]<\/p>\n","protected":false},"excerpt":{"rendered":"<p>9&#8217;dan K2&#8217;ye kadar olan s\u0131n\u0131flar, okulun kendi atriyumunda sahnelenen &#8220;Stauffenberg &#8211; Y\u00fcksek \u0130hanet mi yoksa Direni\u015f mi&#8221; adl\u0131 tiyatro g\u00f6sterisini izleme f\u0131rsat\u0131 buldular.<\/p>\n","protected":false},"author":1,"featured_media":25260,"comment_status":"closed","ping_status":"closed","sticky":false,"template":"","format":"standard","meta":{"_acf_changed":false,"_yoast_wpseo_title":"","_yoast_wpseo_metadesc":"9. s\u0131n\u0131ftan K2\u2019ye kadar olan s\u0131n\u0131flar, okulun atriumunda sahnelenen \"Stauffenberg \u2013 Y\u00fcksek \u0130hanet mi Yoksa Direni\u015f mi\" adl\u0131 tiyatro oyununa kat\u0131ld\u0131lar.","excerpt":"9. s\u0131n\u0131ftan K2\u2019ye kadar olan s\u0131n\u0131flar, okulun atriumunda sahnelenen \"Stauffenberg \u2013 Y\u00fcksek \u0130hanet mi Yoksa Direni\u015f mi\" adl\u0131 tiyatro oyununa kat\u0131ld\u0131lar.","footnotes":""},"categories":[24],"tags":[],"class_list":{"0":"post-48092","1":"post","2":"type-post","3":"status-publish","4":"format-standard","5":"has-post-thumbnail","7":"category-kurpfalz-haberleri"},"acf":[],"yoast_head":"<!-- This site is optimized with the Yoast SEO plugin v26.9 - https:\/\/yoast.com\/product\/yoast-seo-wordpress\/ -->\n<title>\u201eK\u00fclt\u00fcr Okulu Leipzig\u201c ziyarette - Kurpfalz Internat<\/title>\n<meta name=\"description\" content=\"9. s\u0131n\u0131ftan K2\u2019ye kadar olan s\u0131n\u0131flar, okulun atriumunda sahnelenen &quot;Stauffenberg \u2013 Y\u00fcksek \u0130hanet mi Yoksa Direni\u015f mi&quot; adl\u0131 tiyatro oyununa kat\u0131ld\u0131lar.\" \/>\n<meta name=\"robots\" content=\"index, follow, max-snippet:-1, max-image-preview:large, max-video-preview:-1\" \/>\n<link rel=\"canonical\" href=\"https:\/\/www.kurpfalz-internat.de\/tr\/kueltuer-okulu-leipzig-ziyarette\" \/>\n<meta property=\"og:locale\" content=\"tr_TR\" \/>\n<meta property=\"og:type\" content=\"article\" \/>\n<meta property=\"og:title\" content=\"\u201eK\u00fclt\u00fcr Okulu Leipzig\u201c ziyarette - Kurpfalz Internat\" \/>\n<meta property=\"og:description\" content=\"9. s\u0131n\u0131ftan K2\u2019ye kadar olan s\u0131n\u0131flar, okulun atriumunda sahnelenen &quot;Stauffenberg \u2013 Y\u00fcksek \u0130hanet mi Yoksa Direni\u015f mi&quot; adl\u0131 tiyatro oyununa kat\u0131ld\u0131lar.\" \/>\n<meta property=\"og:url\" content=\"https:\/\/www.kurpfalz-internat.de\/tr\/kueltuer-okulu-leipzig-ziyarette\" \/>\n<meta property=\"og:site_name\" content=\"Kurpfalz Internat\" \/>\n<meta property=\"article:published_time\" content=\"2025-03-20T13:48:30+00:00\" \/>\n<meta property=\"article:modified_time\" content=\"2026-01-27T10:54:06+00:00\" \/>\n<meta name=\"author\" content=\"Schloss Torgelow\" \/>\n<meta name=\"twitter:card\" content=\"summary_large_image\" \/>\n<meta name=\"twitter:label1\" content=\"Yazan:\" \/>\n\t<meta name=\"twitter:data1\" content=\"Schloss Torgelow\" \/>\n\t<meta name=\"twitter:label2\" content=\"Tahmini okuma s\u00fcresi\" \/>\n\t<meta name=\"twitter:data2\" content=\"2 dakika\" \/>\n<script type=\"application\/ld+json\" class=\"yoast-schema-graph\">{\"@context\":\"https:\/\/schema.org\",\"@graph\":[{\"@type\":\"Article\",\"@id\":\"https:\/\/www.kurpfalz-internat.de\/tr\/kueltuer-okulu-leipzig-ziyarette#article\",\"isPartOf\":{\"@id\":\"https:\/\/www.kurpfalz-internat.de\/tr\/kueltuer-okulu-leipzig-ziyarette\"},\"author\":{\"name\":\"Schloss Torgelow\",\"@id\":\"https:\/\/www.kurpfalz-internat.de\/tr#\/schema\/person\/b76bbb367f3a20c7ced1339e4875691e\"},\"headline\":\"\u201eK\u00fclt\u00fcr Okulu Leipzig\u201c ziyarette\",\"datePublished\":\"2025-03-20T13:48:30+00:00\",\"dateModified\":\"2026-01-27T10:54:06+00:00\",\"mainEntityOfPage\":{\"@id\":\"https:\/\/www.kurpfalz-internat.de\/tr\/kueltuer-okulu-leipzig-ziyarette\"},\"wordCount\":445,\"image\":{\"@id\":\"https:\/\/www.kurpfalz-internat.de\/tr\/kueltuer-okulu-leipzig-ziyarette#primaryimage\"},\"thumbnailUrl\":\"https:\/\/www.kurpfalz-internat.de\/wp-content\/uploads\/sites\/2\/2025\/09\/kulturschule-leipzig_header_st.avif\",\"articleSection\":[\"Kurpfalz Haberleri\"],\"inLanguage\":\"tr\"},{\"@type\":\"WebPage\",\"@id\":\"https:\/\/www.kurpfalz-internat.de\/tr\/kueltuer-okulu-leipzig-ziyarette#webpage\",\"url\":\"https:\/\/www.kurpfalz-internat.de\/tr\/kueltuer-okulu-leipzig-ziyarette\",\"name\":\"\u201eK\u00fclt\u00fcr Okulu Leipzig\u201c ziyarette - Kurpfalz Internat\",\"isPartOf\":{\"@id\":\"https:\/\/www.kurpfalz-internat.de\/tr#website\"},\"primaryImageOfPage\":{\"@id\":\"https:\/\/www.kurpfalz-internat.de\/tr\/kueltuer-okulu-leipzig-ziyarette#primaryimage\"},\"image\":{\"@id\":\"https:\/\/www.kurpfalz-internat.de\/tr\/kueltuer-okulu-leipzig-ziyarette#primaryimage\"},\"thumbnailUrl\":\"https:\/\/www.kurpfalz-internat.de\/wp-content\/uploads\/sites\/2\/2025\/09\/kulturschule-leipzig_header_st.avif\",\"datePublished\":\"2025-03-20T13:48:30+00:00\",\"dateModified\":\"2026-01-27T10:54:06+00:00\",\"author\":{\"@id\":\"https:\/\/www.kurpfalz-internat.de\/tr#\/schema\/person\/b76bbb367f3a20c7ced1339e4875691e\"},\"description\":\"9. s\u0131n\u0131ftan K2\u2019ye kadar olan s\u0131n\u0131flar, okulun atriumunda sahnelenen \\\"Stauffenberg \u2013 Y\u00fcksek \u0130hanet mi Yoksa Direni\u015f mi\\\" adl\u0131 tiyatro oyununa kat\u0131ld\u0131lar.\",\"breadcrumb\":{\"@id\":\"https:\/\/www.kurpfalz-internat.de\/tr\/kueltuer-okulu-leipzig-ziyarette#breadcrumb\"},\"inLanguage\":\"tr\",\"potentialAction\":[{\"@type\":\"ReadAction\",\"target\":[\"https:\/\/www.kurpfalz-internat.de\/tr\/kueltuer-okulu-leipzig-ziyarette\"]}]},{\"@type\":\"ImageObject\",\"inLanguage\":\"tr\",\"@id\":\"https:\/\/www.kurpfalz-internat.de\/tr\/kueltuer-okulu-leipzig-ziyarette#primaryimage\",\"url\":\"https:\/\/www.kurpfalz-internat.de\/wp-content\/uploads\/sites\/2\/2025\/09\/kulturschule-leipzig_header_st.avif\",\"contentUrl\":\"https:\/\/www.kurpfalz-internat.de\/wp-content\/uploads\/sites\/2\/2025\/09\/kulturschule-leipzig_header_st.avif\",\"width\":1920,\"height\":1080,\"caption\":\"\u201eK\u00fclt\u00fcr Okulu Leipzig\u201c ziyarette\"},{\"@type\":\"BreadcrumbList\",\"@id\":\"https:\/\/www.kurpfalz-internat.de\/tr\/kueltuer-okulu-leipzig-ziyarette#breadcrumb\",\"itemListElement\":[{\"@type\":\"ListItem\",\"position\":1,\"name\":\"Startseite\",\"item\":\"https:\/\/www.kurpfalz-internat.de\/tr\"},{\"@type\":\"ListItem\",\"position\":2,\"name\":\"\u201eK\u00fclt\u00fcr Okulu Leipzig\u201c ziyarette\"}]},{\"@type\":\"WebSite\",\"@id\":\"https:\/\/www.kurpfalz-internat.de\/tr#website\",\"url\":\"https:\/\/www.kurpfalz-internat.de\/tr\",\"name\":\"Kurpfalz Internat\",\"description\":\"\u00d6zel Kurpfalz yat\u0131l\u0131 okulu, zorluk arayan \u00f6\u011frenci k\u0131z ve erkekler i\u00e7in \u2013 genel lise ve ortaokul ile.\",\"potentialAction\":[{\"@type\":\"SearchAction\",\"target\":{\"@type\":\"EntryPoint\",\"urlTemplate\":\"https:\/\/www.kurpfalz-internat.de\/tr?s={search_term_string}\"},\"query-input\":{\"@type\":\"PropertyValueSpecification\",\"valueRequired\":true,\"valueName\":\"search_term_string\"}}],\"inLanguage\":\"tr\"},{\"@type\":\"Person\",\"@id\":\"https:\/\/www.kurpfalz-internat.de\/tr#\/schema\/person\/b76bbb367f3a20c7ced1339e4875691e\",\"name\":\"Schloss Torgelow\",\"image\":{\"@type\":\"ImageObject\",\"inLanguage\":\"tr\",\"@id\":\"https:\/\/www.kurpfalz-internat.de\/tr#\/schema\/person\/image\/\",\"url\":\"https:\/\/secure.gravatar.com\/avatar\/4bad9bf1bee90f77b98693d3ad03ade085c80c169595427c58c58e5b069f49e1?s=96&d=mm&r=g\",\"contentUrl\":\"https:\/\/secure.gravatar.com\/avatar\/4bad9bf1bee90f77b98693d3ad03ade085c80c169595427c58c58e5b069f49e1?s=96&d=mm&r=g\",\"caption\":\"Schloss Torgelow\"},\"sameAs\":[\"https:\/\/www.schlosstorgelow.de\"]}]}<\/script>\n<!-- \/ Yoast SEO plugin. -->","yoast_head_json":{"title":"\u201eK\u00fclt\u00fcr Okulu Leipzig\u201c ziyarette - Kurpfalz Internat","description":"9. s\u0131n\u0131ftan K2\u2019ye kadar olan s\u0131n\u0131flar, okulun atriumunda sahnelenen \"Stauffenberg \u2013 Y\u00fcksek \u0130hanet mi Yoksa Direni\u015f mi\" adl\u0131 tiyatro oyununa kat\u0131ld\u0131lar.","robots":{"index":"index","follow":"follow","max-snippet":"max-snippet:-1","max-image-preview":"max-image-preview:large","max-video-preview":"max-video-preview:-1"},"canonical":"https:\/\/www.kurpfalz-internat.de\/tr\/kueltuer-okulu-leipzig-ziyarette","og_locale":"tr_TR","og_type":"article","og_title":"\u201eK\u00fclt\u00fcr Okulu Leipzig\u201c ziyarette - Kurpfalz Internat","og_description":"9. s\u0131n\u0131ftan K2\u2019ye kadar olan s\u0131n\u0131flar, okulun atriumunda sahnelenen \"Stauffenberg \u2013 Y\u00fcksek \u0130hanet mi Yoksa Direni\u015f mi\" adl\u0131 tiyatro oyununa kat\u0131ld\u0131lar.","og_url":"https:\/\/www.kurpfalz-internat.de\/tr\/kueltuer-okulu-leipzig-ziyarette","og_site_name":"Kurpfalz Internat","article_published_time":"2025-03-20T13:48:30+00:00","article_modified_time":"2026-01-27T10:54:06+00:00","author":"Schloss Torgelow","twitter_card":"summary_large_image","twitter_misc":{"Yazan:":"Schloss Torgelow","Tahmini okuma s\u00fcresi":"2 dakika"},"schema":{"@context":"https:\/\/schema.org","@graph":[{"@type":"Article","@id":"https:\/\/www.kurpfalz-internat.de\/tr\/kueltuer-okulu-leipzig-ziyarette#article","isPartOf":{"@id":"https:\/\/www.kurpfalz-internat.de\/tr\/kueltuer-okulu-leipzig-ziyarette"},"author":{"name":"Schloss Torgelow","@id":"https:\/\/www.kurpfalz-internat.de\/tr#\/schema\/person\/b76bbb367f3a20c7ced1339e4875691e"},"headline":"\u201eK\u00fclt\u00fcr Okulu Leipzig\u201c ziyarette","datePublished":"2025-03-20T13:48:30+00:00","dateModified":"2026-01-27T10:54:06+00:00","mainEntityOfPage":{"@id":"https:\/\/www.kurpfalz-internat.de\/tr\/kueltuer-okulu-leipzig-ziyarette"},"wordCount":445,"image":{"@id":"https:\/\/www.kurpfalz-internat.de\/tr\/kueltuer-okulu-leipzig-ziyarette#primaryimage"},"thumbnailUrl":"https:\/\/www.kurpfalz-internat.de\/wp-content\/uploads\/sites\/2\/2025\/09\/kulturschule-leipzig_header_st.avif","articleSection":["Kurpfalz Haberleri"],"inLanguage":"tr"},{"@type":"WebPage","@id":"https:\/\/www.kurpfalz-internat.de\/tr\/kueltuer-okulu-leipzig-ziyarette#webpage","url":"https:\/\/www.kurpfalz-internat.de\/tr\/kueltuer-okulu-leipzig-ziyarette","name":"\u201eK\u00fclt\u00fcr Okulu Leipzig\u201c ziyarette - Kurpfalz Internat","isPartOf":{"@id":"https:\/\/www.kurpfalz-internat.de\/tr#website"},"primaryImageOfPage":{"@id":"https:\/\/www.kurpfalz-internat.de\/tr\/kueltuer-okulu-leipzig-ziyarette#primaryimage"},"image":{"@id":"https:\/\/www.kurpfalz-internat.de\/tr\/kueltuer-okulu-leipzig-ziyarette#primaryimage"},"thumbnailUrl":"https:\/\/www.kurpfalz-internat.de\/wp-content\/uploads\/sites\/2\/2025\/09\/kulturschule-leipzig_header_st.avif","datePublished":"2025-03-20T13:48:30+00:00","dateModified":"2026-01-27T10:54:06+00:00","author":{"@id":"https:\/\/www.kurpfalz-internat.de\/tr#\/schema\/person\/b76bbb367f3a20c7ced1339e4875691e"},"description":"9. s\u0131n\u0131ftan K2\u2019ye kadar olan s\u0131n\u0131flar, okulun atriumunda sahnelenen \"Stauffenberg \u2013 Y\u00fcksek \u0130hanet mi Yoksa Direni\u015f mi\" adl\u0131 tiyatro oyununa kat\u0131ld\u0131lar.","breadcrumb":{"@id":"https:\/\/www.kurpfalz-internat.de\/tr\/kueltuer-okulu-leipzig-ziyarette#breadcrumb"},"inLanguage":"tr","potentialAction":[{"@type":"ReadAction","target":["https:\/\/www.kurpfalz-internat.de\/tr\/kueltuer-okulu-leipzig-ziyarette"]}]},{"@type":"ImageObject","inLanguage":"tr","@id":"https:\/\/www.kurpfalz-internat.de\/tr\/kueltuer-okulu-leipzig-ziyarette#primaryimage","url":"https:\/\/www.kurpfalz-internat.de\/wp-content\/uploads\/sites\/2\/2025\/09\/kulturschule-leipzig_header_st.avif","contentUrl":"https:\/\/www.kurpfalz-internat.de\/wp-content\/uploads\/sites\/2\/2025\/09\/kulturschule-leipzig_header_st.avif","width":1920,"height":1080,"caption":"\u201eK\u00fclt\u00fcr Okulu Leipzig\u201c ziyarette"},{"@type":"BreadcrumbList","@id":"https:\/\/www.kurpfalz-internat.de\/tr\/kueltuer-okulu-leipzig-ziyarette#breadcrumb","itemListElement":[{"@type":"ListItem","position":1,"name":"Startseite","item":"https:\/\/www.kurpfalz-internat.de\/tr"},{"@type":"ListItem","position":2,"name":"\u201eK\u00fclt\u00fcr Okulu Leipzig\u201c ziyarette"}]},{"@type":"WebSite","@id":"https:\/\/www.kurpfalz-internat.de\/tr#website","url":"https:\/\/www.kurpfalz-internat.de\/tr","name":"Kurpfalz Internat","description":"\u00d6zel Kurpfalz yat\u0131l\u0131 okulu, zorluk arayan \u00f6\u011frenci k\u0131z ve erkekler i\u00e7in \u2013 genel lise ve ortaokul ile.","potentialAction":[{"@type":"SearchAction","target":{"@type":"EntryPoint","urlTemplate":"https:\/\/www.kurpfalz-internat.de\/tr?s={search_term_string}"},"query-input":{"@type":"PropertyValueSpecification","valueRequired":true,"valueName":"search_term_string"}}],"inLanguage":"tr"},{"@type":"Person","@id":"https:\/\/www.kurpfalz-internat.de\/tr#\/schema\/person\/b76bbb367f3a20c7ced1339e4875691e","name":"Schloss Torgelow","image":{"@type":"ImageObject","inLanguage":"tr","@id":"https:\/\/www.kurpfalz-internat.de\/tr#\/schema\/person\/image\/","url":"https:\/\/secure.gravatar.com\/avatar\/4bad9bf1bee90f77b98693d3ad03ade085c80c169595427c58c58e5b069f49e1?s=96&d=mm&r=g","contentUrl":"https:\/\/secure.gravatar.com\/avatar\/4bad9bf1bee90f77b98693d3ad03ade085c80c169595427c58c58e5b069f49e1?s=96&d=mm&r=g","caption":"Schloss Torgelow"},"sameAs":["https:\/\/www.schlosstorgelow.de"]}]}},"block_visibility_meta":[],"_links":{"self":[{"href":"https:\/\/www.kurpfalz-internat.de\/tr\/wp-json\/wp\/v2\/posts\/48092","targetHints":{"allow":["GET"]}}],"collection":[{"href":"https:\/\/www.kurpfalz-internat.de\/tr\/wp-json\/wp\/v2\/posts"}],"about":[{"href":"https:\/\/www.kurpfalz-internat.de\/tr\/wp-json\/wp\/v2\/types\/post"}],"author":[{"embeddable":true,"href":"https:\/\/www.kurpfalz-internat.de\/tr\/wp-json\/wp\/v2\/users\/1"}],"replies":[{"embeddable":true,"href":"https:\/\/www.kurpfalz-internat.de\/tr\/wp-json\/wp\/v2\/comments?post=48092"}],"version-history":[{"count":1,"href":"https:\/\/www.kurpfalz-internat.de\/tr\/wp-json\/wp\/v2\/posts\/48092\/revisions"}],"predecessor-version":[{"id":48093,"href":"https:\/\/www.kurpfalz-internat.de\/tr\/wp-json\/wp\/v2\/posts\/48092\/revisions\/48093"}],"wp:featuredmedia":[{"embeddable":true,"href":"https:\/\/www.kurpfalz-internat.de\/tr\/wp-json\/wp\/v2\/media\/25260"}],"wp:attachment":[{"href":"https:\/\/www.kurpfalz-internat.de\/tr\/wp-json\/wp\/v2\/media?parent=48092"}],"wp:term":[{"taxonomy":"category","embeddable":true,"href":"https:\/\/www.kurpfalz-internat.de\/tr\/wp-json\/wp\/v2\/categories?post=48092"},{"taxonomy":"post_tag","embeddable":true,"href":"https:\/\/www.kurpfalz-internat.de\/tr\/wp-json\/wp\/v2\/tags?post=48092"}],"curies":[{"name":"wp","href":"https:\/\/api.w.org\/{rel}","templated":true}]}}