{"id":48102,"date":"2025-01-27T11:47:15","date_gmt":"2025-01-27T11:47:15","guid":{"rendered":"https:\/\/www.kurpfalz-internat.de\/basarili-degisim-ekonomi-gencleri-heidelbergde-misafir-edildi"},"modified":"2026-01-27T10:54:10","modified_gmt":"2026-01-27T10:54:10","slug":"basarili-degisim-ekonomi-gencleri-heidelbergde-misafir-edildi","status":"publish","type":"post","link":"https:\/\/www.kurpfalz-internat.de\/tr\/basarili-degisim-ekonomi-gencleri-heidelbergde-misafir-edildi","title":{"rendered":"Ba\u015far\u0131l\u0131 De\u011fi\u015fim: Ekonomi Gen\u00e7leri Heidelberg&#8217;de misafir edildi"},"content":{"rendered":"\n<p>25 \u015eubat 2025&#8217;te <a href=\"https:\/\/www.wj-hd.de\/\" target=\"_blank\" rel=\"noreferrer noopener nofollow\">Ekonomi Gen\u00e7leri Heidelberg&#8217;i<\/a> ziyaret etti.<i> Kurpfalz Y\u00fcksekokulu, &#8220;WJ Kariyer Pusulas\u0131&#8221; projesi kapsam\u0131nda ger\u00e7ekle\u015ftirilmi\u015ftir. Etkinli\u011fin amac\u0131, \u00f6\u011frencilere ki\u015fisel ba\u015far\u0131 hikayeleri arac\u0131l\u0131\u011f\u0131yla \u00e7e\u015fitli kariyer yollar\u0131na y\u00f6nelik pratik bilgiler sunmak ve kendi yollar\u0131nda destek olmakt\u0131. Bu s\u00fcre\u00e7te, Ekonomi Gen\u00e7leri, a\u00e7\u0131k ve d\u00fcr\u00fcst bir e\u015fitlik i\u00e7inde ileti\u015fime b\u00fcy\u00fck \u00f6nem verdiler.  <\/i><\/p>\n\n<p>Ekonomi gen\u00e7leri, 40 ya\u015f\u0131n alt\u0131ndaki yakla\u015f\u0131k 10.000 giri\u015fimci, i\u015f kad\u0131n\u0131 ve y\u00f6netici bulunmaktad\u0131r. K\u00fcresel olarak ba\u011flant\u0131l\u0131d\u0131rlar ve Almanya&#8217;da yakla\u015f\u0131k 215 yerel \u00fcye grubu ile en b\u00fcy\u00fck gen\u00e7 ekonomi a\u011f\u0131 olarak varl\u0131k g\u00f6stermektedirler. &#8220;WJ Kariyer Pusulas\u0131&#8221;, Heidelberg \u00fcye grubu taraf\u0131ndan organize edilmektedir.  <\/p>\n\n<p><strong>Tan\u0131\u015fma ve Kar\u015f\u0131lama<\/strong><\/p>\n\n<p>Alt\u0131 kat\u0131l\u0131mc\u0131, \u00f6\u011frencilerle ki\u015fisel kariyer yollar\u0131n\u0131 payla\u015ft\u0131. K\u00fc\u00e7\u00fck gruplar halinde, bunlardan ikisi kendi bireysel kariyer yollar\u0131n\u0131 sunarak zorluklar, ba\u015far\u0131lar ve \u00f6nemli kararlar hakk\u0131nda bilgi verdiler. Bu s\u00fcre\u00e7te, \u00f6\u011frencilerin serbest\u00e7e soru sormalar\u0131n\u0131 sa\u011flayan ve sunumcular\u0131n \u00e7al\u0131\u015fma hayat\u0131na dair samimi i\u00e7g\u00f6r\u00fcler elde ettikleri rahat bir atmosfer yarat\u0131ld\u0131.  <\/p>\n\n<p>Seminerlerin ard\u0131ndan \u00f6\u011frencilerin kafeteryas\u0131nda pizza ve so\u011fuk i\u00e7ecekler e\u015fli\u011finde ki\u015fisel sohbetler i\u00e7in bir f\u0131rsat do\u011fdu. Burada, i\u015f gen\u00e7leri \u00f6\u011frencilerle e\u015fit seviyede bulu\u015farak daha fazla deneyim payla\u015ft\u0131 ve bireysel sorular i\u00e7in yan\u0131t vermeye haz\u0131r bulundu. Kar\u015f\u0131l\u0131kl\u0131 ilgi ve a\u00e7\u0131kl\u0131kla \u015fekillenen heyecan verici tart\u0131\u015fmalar geli\u015fti. Rahat atmosfer, m\u00fczik ve spontane bir masa futbolu turu ile daha da keyifli hale geldi. Ortam o kadar g\u00fczeldi ki etkinlik k\u0131sa bir s\u00fcreli\u011fine uzat\u0131ld\u0131.    <\/p>\n\n<p>Konuklar \u015fuydu:<\/p>\n\n<ul class=\"wp-block-list\">\n<li>Vincent Fischer (\u015eirket Dan\u0131\u015fman\u0131 ve Modell Aachen GmbH Ortak CEO&#8217;su)<\/li>\n\n\n\n<li>Benjamin Sharif (Mali denet\u00e7i ve ESG dan\u0131\u015fman\u0131, Xcellence GmbH WPG)<\/li>\n\n\n\n<li>Julia Staudenmaier (Vergi Dan\u0131\u015fman\u0131 Steuerberatung Staudenmaier GmbH)<\/li>\n\n\n\n<li>Anton Berizzi (Muhasebeci ve Vergi Dan\u0131\u015fman\u0131 KEIPER &amp; Co. KG WPG, STBG)<\/li>\n\n\n\n<li>Tobias Philippi (DAZN Group&#8217;ta DACH Sat\u0131\u015f M\u00fcd\u00fcr\u00fc)<\/li>\n\n\n\n<li>Paul Muck (Muck Automotive GmbH Genel M\u00fcd\u00fcr\u00fc)<\/li>\n<\/ul>\n\n<p>Kurpfalz Yat\u0131l\u0131 Okulu, &#8220;WJ Kariyer Pusulas\u0131&#8221; pilot projesi olarak hizmet verme onuruna sahipti. Etkinlik b\u00fcy\u00fck bir ba\u015far\u0131 elde etti ve hem Ekonomi Gen\u00e7leri&#8217;ne hem de \u00f6\u011frencilere de\u011ferli yeni fikirler kazand\u0131rd\u0131. &#8220;WJ Kariyer Pusulas\u0131&#8221;, ekonomi ile gen\u00e7 yetenekler aras\u0131ndaki de\u011fi\u015fimin ne kadar \u00f6nemli oldu\u011funu bir kez daha g\u00f6sterdi &#8211; her iki taraf i\u00e7in de bir zenginlik! B\u00fcy\u00fck ba\u015far\u0131 nedeniyle, Ekonomi Gen\u00e7leri Heidelberg&#8217;in bu etkinli\u011fi kesinlikle daha bir\u00e7ok okulda sunmas\u0131 gerekti\u011fini d\u00fc\u015f\u00fcn\u00fcyoruz. Gelecek y\u0131l yeniden g\u00f6r\u00fc\u015fmeyi umuyoruz.    <\/p>\n","protected":false},"excerpt":{"rendered":"<p>Wirtschaftsjunioren Heidelberg, &#8220;WJ Karriere Kompass&#8221; projesi kapsam\u0131nda Kurpfalz Yat\u0131l\u0131 Okulu&#8217;nu ziyaret ediyor.<\/p>\n","protected":false},"author":1,"featured_media":25312,"comment_status":"closed","ping_status":"closed","sticky":false,"template":"","format":"standard","meta":{"_acf_changed":false,"_yoast_wpseo_title":"Ba\u015far\u0131l\u0131 De\u011fi\u015fim: Ekonomi Gen\u00e7leri Heidelberg'de misafir edildi","_yoast_wpseo_metadesc":"Wirtschaftsjunioren Heidelberg, \"WJ Karriere Kompass\" projesi kapsam\u0131nda Kurpfalz-Internat'\u0131 ziyaret ediyor.","excerpt":"Wirtschaftsjunioren Heidelberg, \"WJ Karriere Kompass\" projesi kapsam\u0131nda Kurpfalz Yat\u0131l\u0131 Okulu'nu ziyaret ediyor.","footnotes":""},"categories":[24],"tags":[],"class_list":{"0":"post-48102","1":"post","2":"type-post","3":"status-publish","4":"format-standard","5":"has-post-thumbnail","7":"category-kurpfalz-haberleri"},"acf":[],"yoast_head":"<!-- This site is optimized with the Yoast SEO plugin v26.9 - https:\/\/yoast.com\/product\/yoast-seo-wordpress\/ -->\n<title>Ba\u015far\u0131l\u0131 De\u011fi\u015fim: Ekonomi Gen\u00e7leri Heidelberg&#039;de misafir edildi<\/title>\n<meta name=\"description\" content=\"Wirtschaftsjunioren Heidelberg, &quot;WJ Karriere Kompass&quot; projesi kapsam\u0131nda Kurpfalz-Internat&#039;\u0131 ziyaret ediyor.\" \/>\n<meta name=\"robots\" content=\"index, follow, max-snippet:-1, max-image-preview:large, max-video-preview:-1\" \/>\n<link rel=\"canonical\" href=\"https:\/\/www.kurpfalz-internat.de\/tr\/basarili-degisim-ekonomi-gencleri-heidelbergde-misafir-edildi\" \/>\n<meta property=\"og:locale\" content=\"tr_TR\" \/>\n<meta property=\"og:type\" content=\"article\" \/>\n<meta property=\"og:title\" content=\"Ba\u015far\u0131l\u0131 De\u011fi\u015fim: Ekonomi Gen\u00e7leri Heidelberg&#039;de misafir edildi\" \/>\n<meta property=\"og:description\" content=\"Wirtschaftsjunioren Heidelberg, &quot;WJ Karriere Kompass&quot; projesi kapsam\u0131nda Kurpfalz-Internat&#039;\u0131 ziyaret ediyor.\" \/>\n<meta property=\"og:url\" content=\"https:\/\/www.kurpfalz-internat.de\/tr\/basarili-degisim-ekonomi-gencleri-heidelbergde-misafir-edildi\" \/>\n<meta property=\"og:site_name\" content=\"Kurpfalz Internat\" \/>\n<meta property=\"article:published_time\" content=\"2025-01-27T11:47:15+00:00\" \/>\n<meta property=\"article:modified_time\" content=\"2026-01-27T10:54:10+00:00\" \/>\n<meta name=\"author\" content=\"Schloss Torgelow\" \/>\n<meta name=\"twitter:card\" content=\"summary_large_image\" \/>\n<meta name=\"twitter:label1\" content=\"Yazan:\" \/>\n\t<meta name=\"twitter:data1\" content=\"Schloss Torgelow\" \/>\n\t<meta name=\"twitter:label2\" content=\"Tahmini okuma s\u00fcresi\" \/>\n\t<meta name=\"twitter:data2\" content=\"2 dakika\" \/>\n<script type=\"application\/ld+json\" class=\"yoast-schema-graph\">{\"@context\":\"https:\/\/schema.org\",\"@graph\":[{\"@type\":\"Article\",\"@id\":\"https:\/\/www.kurpfalz-internat.de\/tr\/basarili-degisim-ekonomi-gencleri-heidelbergde-misafir-edildi#article\",\"isPartOf\":{\"@id\":\"https:\/\/www.kurpfalz-internat.de\/tr\/basarili-degisim-ekonomi-gencleri-heidelbergde-misafir-edildi\"},\"author\":{\"name\":\"Schloss Torgelow\",\"@id\":\"https:\/\/www.kurpfalz-internat.de\/tr#\/schema\/person\/b76bbb367f3a20c7ced1339e4875691e\"},\"headline\":\"Ba\u015far\u0131l\u0131 De\u011fi\u015fim: Ekonomi Gen\u00e7leri Heidelberg&#8217;de misafir edildi\",\"datePublished\":\"2025-01-27T11:47:15+00:00\",\"dateModified\":\"2026-01-27T10:54:10+00:00\",\"mainEntityOfPage\":{\"@id\":\"https:\/\/www.kurpfalz-internat.de\/tr\/basarili-degisim-ekonomi-gencleri-heidelbergde-misafir-edildi\"},\"wordCount\":483,\"image\":{\"@id\":\"https:\/\/www.kurpfalz-internat.de\/tr\/basarili-degisim-ekonomi-gencleri-heidelbergde-misafir-edildi#primaryimage\"},\"thumbnailUrl\":\"https:\/\/www.kurpfalz-internat.de\/wp-content\/uploads\/sites\/2\/2025\/09\/wirtschaftsjunioren-2025_header_st.avif\",\"articleSection\":[\"Kurpfalz Haberleri\"],\"inLanguage\":\"tr\"},{\"@type\":\"WebPage\",\"@id\":\"https:\/\/www.kurpfalz-internat.de\/tr\/basarili-degisim-ekonomi-gencleri-heidelbergde-misafir-edildi#webpage\",\"url\":\"https:\/\/www.kurpfalz-internat.de\/tr\/basarili-degisim-ekonomi-gencleri-heidelbergde-misafir-edildi\",\"name\":\"Ba\u015far\u0131l\u0131 De\u011fi\u015fim: Ekonomi Gen\u00e7leri Heidelberg'de misafir edildi\",\"isPartOf\":{\"@id\":\"https:\/\/www.kurpfalz-internat.de\/tr#website\"},\"primaryImageOfPage\":{\"@id\":\"https:\/\/www.kurpfalz-internat.de\/tr\/basarili-degisim-ekonomi-gencleri-heidelbergde-misafir-edildi#primaryimage\"},\"image\":{\"@id\":\"https:\/\/www.kurpfalz-internat.de\/tr\/basarili-degisim-ekonomi-gencleri-heidelbergde-misafir-edildi#primaryimage\"},\"thumbnailUrl\":\"https:\/\/www.kurpfalz-internat.de\/wp-content\/uploads\/sites\/2\/2025\/09\/wirtschaftsjunioren-2025_header_st.avif\",\"datePublished\":\"2025-01-27T11:47:15+00:00\",\"dateModified\":\"2026-01-27T10:54:10+00:00\",\"author\":{\"@id\":\"https:\/\/www.kurpfalz-internat.de\/tr#\/schema\/person\/b76bbb367f3a20c7ced1339e4875691e\"},\"description\":\"Wirtschaftsjunioren Heidelberg, \\\"WJ Karriere Kompass\\\" projesi kapsam\u0131nda Kurpfalz-Internat'\u0131 ziyaret ediyor.\",\"breadcrumb\":{\"@id\":\"https:\/\/www.kurpfalz-internat.de\/tr\/basarili-degisim-ekonomi-gencleri-heidelbergde-misafir-edildi#breadcrumb\"},\"inLanguage\":\"tr\",\"potentialAction\":[{\"@type\":\"ReadAction\",\"target\":[\"https:\/\/www.kurpfalz-internat.de\/tr\/basarili-degisim-ekonomi-gencleri-heidelbergde-misafir-edildi\"]}]},{\"@type\":\"ImageObject\",\"inLanguage\":\"tr\",\"@id\":\"https:\/\/www.kurpfalz-internat.de\/tr\/basarili-degisim-ekonomi-gencleri-heidelbergde-misafir-edildi#primaryimage\",\"url\":\"https:\/\/www.kurpfalz-internat.de\/wp-content\/uploads\/sites\/2\/2025\/09\/wirtschaftsjunioren-2025_header_st.avif\",\"contentUrl\":\"https:\/\/www.kurpfalz-internat.de\/wp-content\/uploads\/sites\/2\/2025\/09\/wirtschaftsjunioren-2025_header_st.avif\",\"width\":1920,\"height\":1080,\"caption\":\"Ba\u015far\u0131l\u0131 De\u011fi\u015fim: Ekonomi Gen\u00e7leri Heidelberg'de misafir edildi\"},{\"@type\":\"BreadcrumbList\",\"@id\":\"https:\/\/www.kurpfalz-internat.de\/tr\/basarili-degisim-ekonomi-gencleri-heidelbergde-misafir-edildi#breadcrumb\",\"itemListElement\":[{\"@type\":\"ListItem\",\"position\":1,\"name\":\"Startseite\",\"item\":\"https:\/\/www.kurpfalz-internat.de\/tr\"},{\"@type\":\"ListItem\",\"position\":2,\"name\":\"Ba\u015far\u0131l\u0131 De\u011fi\u015fim: Ekonomi Gen\u00e7leri Heidelberg&#8217;de misafir edildi\"}]},{\"@type\":\"WebSite\",\"@id\":\"https:\/\/www.kurpfalz-internat.de\/tr#website\",\"url\":\"https:\/\/www.kurpfalz-internat.de\/tr\",\"name\":\"Kurpfalz Internat\",\"description\":\"\u00d6zel Kurpfalz yat\u0131l\u0131 okulu, zorluk arayan \u00f6\u011frenci k\u0131z ve erkekler i\u00e7in \u2013 genel lise ve ortaokul ile.\",\"potentialAction\":[{\"@type\":\"SearchAction\",\"target\":{\"@type\":\"EntryPoint\",\"urlTemplate\":\"https:\/\/www.kurpfalz-internat.de\/tr?s={search_term_string}\"},\"query-input\":{\"@type\":\"PropertyValueSpecification\",\"valueRequired\":true,\"valueName\":\"search_term_string\"}}],\"inLanguage\":\"tr\"},{\"@type\":\"Person\",\"@id\":\"https:\/\/www.kurpfalz-internat.de\/tr#\/schema\/person\/b76bbb367f3a20c7ced1339e4875691e\",\"name\":\"Schloss Torgelow\",\"image\":{\"@type\":\"ImageObject\",\"inLanguage\":\"tr\",\"@id\":\"https:\/\/www.kurpfalz-internat.de\/tr#\/schema\/person\/image\/\",\"url\":\"https:\/\/secure.gravatar.com\/avatar\/4bad9bf1bee90f77b98693d3ad03ade085c80c169595427c58c58e5b069f49e1?s=96&d=mm&r=g\",\"contentUrl\":\"https:\/\/secure.gravatar.com\/avatar\/4bad9bf1bee90f77b98693d3ad03ade085c80c169595427c58c58e5b069f49e1?s=96&d=mm&r=g\",\"caption\":\"Schloss Torgelow\"},\"sameAs\":[\"https:\/\/www.schlosstorgelow.de\"]}]}<\/script>\n<!-- \/ Yoast SEO plugin. -->","yoast_head_json":{"title":"Ba\u015far\u0131l\u0131 De\u011fi\u015fim: Ekonomi Gen\u00e7leri Heidelberg'de misafir edildi","description":"Wirtschaftsjunioren Heidelberg, \"WJ Karriere Kompass\" projesi kapsam\u0131nda Kurpfalz-Internat'\u0131 ziyaret ediyor.","robots":{"index":"index","follow":"follow","max-snippet":"max-snippet:-1","max-image-preview":"max-image-preview:large","max-video-preview":"max-video-preview:-1"},"canonical":"https:\/\/www.kurpfalz-internat.de\/tr\/basarili-degisim-ekonomi-gencleri-heidelbergde-misafir-edildi","og_locale":"tr_TR","og_type":"article","og_title":"Ba\u015far\u0131l\u0131 De\u011fi\u015fim: Ekonomi Gen\u00e7leri Heidelberg'de misafir edildi","og_description":"Wirtschaftsjunioren Heidelberg, \"WJ Karriere Kompass\" projesi kapsam\u0131nda Kurpfalz-Internat'\u0131 ziyaret ediyor.","og_url":"https:\/\/www.kurpfalz-internat.de\/tr\/basarili-degisim-ekonomi-gencleri-heidelbergde-misafir-edildi","og_site_name":"Kurpfalz Internat","article_published_time":"2025-01-27T11:47:15+00:00","article_modified_time":"2026-01-27T10:54:10+00:00","author":"Schloss Torgelow","twitter_card":"summary_large_image","twitter_misc":{"Yazan:":"Schloss Torgelow","Tahmini okuma s\u00fcresi":"2 dakika"},"schema":{"@context":"https:\/\/schema.org","@graph":[{"@type":"Article","@id":"https:\/\/www.kurpfalz-internat.de\/tr\/basarili-degisim-ekonomi-gencleri-heidelbergde-misafir-edildi#article","isPartOf":{"@id":"https:\/\/www.kurpfalz-internat.de\/tr\/basarili-degisim-ekonomi-gencleri-heidelbergde-misafir-edildi"},"author":{"name":"Schloss Torgelow","@id":"https:\/\/www.kurpfalz-internat.de\/tr#\/schema\/person\/b76bbb367f3a20c7ced1339e4875691e"},"headline":"Ba\u015far\u0131l\u0131 De\u011fi\u015fim: Ekonomi Gen\u00e7leri Heidelberg&#8217;de misafir edildi","datePublished":"2025-01-27T11:47:15+00:00","dateModified":"2026-01-27T10:54:10+00:00","mainEntityOfPage":{"@id":"https:\/\/www.kurpfalz-internat.de\/tr\/basarili-degisim-ekonomi-gencleri-heidelbergde-misafir-edildi"},"wordCount":483,"image":{"@id":"https:\/\/www.kurpfalz-internat.de\/tr\/basarili-degisim-ekonomi-gencleri-heidelbergde-misafir-edildi#primaryimage"},"thumbnailUrl":"https:\/\/www.kurpfalz-internat.de\/wp-content\/uploads\/sites\/2\/2025\/09\/wirtschaftsjunioren-2025_header_st.avif","articleSection":["Kurpfalz Haberleri"],"inLanguage":"tr"},{"@type":"WebPage","@id":"https:\/\/www.kurpfalz-internat.de\/tr\/basarili-degisim-ekonomi-gencleri-heidelbergde-misafir-edildi#webpage","url":"https:\/\/www.kurpfalz-internat.de\/tr\/basarili-degisim-ekonomi-gencleri-heidelbergde-misafir-edildi","name":"Ba\u015far\u0131l\u0131 De\u011fi\u015fim: Ekonomi Gen\u00e7leri Heidelberg'de misafir edildi","isPartOf":{"@id":"https:\/\/www.kurpfalz-internat.de\/tr#website"},"primaryImageOfPage":{"@id":"https:\/\/www.kurpfalz-internat.de\/tr\/basarili-degisim-ekonomi-gencleri-heidelbergde-misafir-edildi#primaryimage"},"image":{"@id":"https:\/\/www.kurpfalz-internat.de\/tr\/basarili-degisim-ekonomi-gencleri-heidelbergde-misafir-edildi#primaryimage"},"thumbnailUrl":"https:\/\/www.kurpfalz-internat.de\/wp-content\/uploads\/sites\/2\/2025\/09\/wirtschaftsjunioren-2025_header_st.avif","datePublished":"2025-01-27T11:47:15+00:00","dateModified":"2026-01-27T10:54:10+00:00","author":{"@id":"https:\/\/www.kurpfalz-internat.de\/tr#\/schema\/person\/b76bbb367f3a20c7ced1339e4875691e"},"description":"Wirtschaftsjunioren Heidelberg, \"WJ Karriere Kompass\" projesi kapsam\u0131nda Kurpfalz-Internat'\u0131 ziyaret ediyor.","breadcrumb":{"@id":"https:\/\/www.kurpfalz-internat.de\/tr\/basarili-degisim-ekonomi-gencleri-heidelbergde-misafir-edildi#breadcrumb"},"inLanguage":"tr","potentialAction":[{"@type":"ReadAction","target":["https:\/\/www.kurpfalz-internat.de\/tr\/basarili-degisim-ekonomi-gencleri-heidelbergde-misafir-edildi"]}]},{"@type":"ImageObject","inLanguage":"tr","@id":"https:\/\/www.kurpfalz-internat.de\/tr\/basarili-degisim-ekonomi-gencleri-heidelbergde-misafir-edildi#primaryimage","url":"https:\/\/www.kurpfalz-internat.de\/wp-content\/uploads\/sites\/2\/2025\/09\/wirtschaftsjunioren-2025_header_st.avif","contentUrl":"https:\/\/www.kurpfalz-internat.de\/wp-content\/uploads\/sites\/2\/2025\/09\/wirtschaftsjunioren-2025_header_st.avif","width":1920,"height":1080,"caption":"Ba\u015far\u0131l\u0131 De\u011fi\u015fim: Ekonomi Gen\u00e7leri Heidelberg'de misafir edildi"},{"@type":"BreadcrumbList","@id":"https:\/\/www.kurpfalz-internat.de\/tr\/basarili-degisim-ekonomi-gencleri-heidelbergde-misafir-edildi#breadcrumb","itemListElement":[{"@type":"ListItem","position":1,"name":"Startseite","item":"https:\/\/www.kurpfalz-internat.de\/tr"},{"@type":"ListItem","position":2,"name":"Ba\u015far\u0131l\u0131 De\u011fi\u015fim: Ekonomi Gen\u00e7leri Heidelberg&#8217;de misafir edildi"}]},{"@type":"WebSite","@id":"https:\/\/www.kurpfalz-internat.de\/tr#website","url":"https:\/\/www.kurpfalz-internat.de\/tr","name":"Kurpfalz Internat","description":"\u00d6zel Kurpfalz yat\u0131l\u0131 okulu, zorluk arayan \u00f6\u011frenci k\u0131z ve erkekler i\u00e7in \u2013 genel lise ve ortaokul ile.","potentialAction":[{"@type":"SearchAction","target":{"@type":"EntryPoint","urlTemplate":"https:\/\/www.kurpfalz-internat.de\/tr?s={search_term_string}"},"query-input":{"@type":"PropertyValueSpecification","valueRequired":true,"valueName":"search_term_string"}}],"inLanguage":"tr"},{"@type":"Person","@id":"https:\/\/www.kurpfalz-internat.de\/tr#\/schema\/person\/b76bbb367f3a20c7ced1339e4875691e","name":"Schloss Torgelow","image":{"@type":"ImageObject","inLanguage":"tr","@id":"https:\/\/www.kurpfalz-internat.de\/tr#\/schema\/person\/image\/","url":"https:\/\/secure.gravatar.com\/avatar\/4bad9bf1bee90f77b98693d3ad03ade085c80c169595427c58c58e5b069f49e1?s=96&d=mm&r=g","contentUrl":"https:\/\/secure.gravatar.com\/avatar\/4bad9bf1bee90f77b98693d3ad03ade085c80c169595427c58c58e5b069f49e1?s=96&d=mm&r=g","caption":"Schloss Torgelow"},"sameAs":["https:\/\/www.schlosstorgelow.de"]}]}},"block_visibility_meta":[],"_links":{"self":[{"href":"https:\/\/www.kurpfalz-internat.de\/tr\/wp-json\/wp\/v2\/posts\/48102","targetHints":{"allow":["GET"]}}],"collection":[{"href":"https:\/\/www.kurpfalz-internat.de\/tr\/wp-json\/wp\/v2\/posts"}],"about":[{"href":"https:\/\/www.kurpfalz-internat.de\/tr\/wp-json\/wp\/v2\/types\/post"}],"author":[{"embeddable":true,"href":"https:\/\/www.kurpfalz-internat.de\/tr\/wp-json\/wp\/v2\/users\/1"}],"replies":[{"embeddable":true,"href":"https:\/\/www.kurpfalz-internat.de\/tr\/wp-json\/wp\/v2\/comments?post=48102"}],"version-history":[{"count":1,"href":"https:\/\/www.kurpfalz-internat.de\/tr\/wp-json\/wp\/v2\/posts\/48102\/revisions"}],"predecessor-version":[{"id":48103,"href":"https:\/\/www.kurpfalz-internat.de\/tr\/wp-json\/wp\/v2\/posts\/48102\/revisions\/48103"}],"wp:featuredmedia":[{"embeddable":true,"href":"https:\/\/www.kurpfalz-internat.de\/tr\/wp-json\/wp\/v2\/media\/25312"}],"wp:attachment":[{"href":"https:\/\/www.kurpfalz-internat.de\/tr\/wp-json\/wp\/v2\/media?parent=48102"}],"wp:term":[{"taxonomy":"category","embeddable":true,"href":"https:\/\/www.kurpfalz-internat.de\/tr\/wp-json\/wp\/v2\/categories?post=48102"},{"taxonomy":"post_tag","embeddable":true,"href":"https:\/\/www.kurpfalz-internat.de\/tr\/wp-json\/wp\/v2\/tags?post=48102"}],"curies":[{"name":"wp","href":"https:\/\/api.w.org\/{rel}","templated":true}]}}