{"id":48152,"date":"2025-02-17T11:02:15","date_gmt":"2025-02-17T11:02:15","guid":{"rendered":"https:\/\/www.kurpfalz-internat.de\/gaibergden-bammentale-her-seyin-nasil-basladigi"},"modified":"2026-01-27T10:54:08","modified_gmt":"2026-01-27T10:54:08","slug":"gaibergden-bammentale-her-seyin-nasil-basladigi","status":"publish","type":"post","link":"https:\/\/www.kurpfalz-internat.de\/tr\/gaibergden-bammentale-her-seyin-nasil-basladigi","title":{"rendered":"Gaiberg&#8217;den Bammental&#8217;e \u2013 her \u015feyin nas\u0131l ba\u015flad\u0131\u011f\u0131"},"content":{"rendered":"\n<p><i>Bammental&#8217;deki eski bir villan\u0131n modern bir \u00f6\u011frenme alan\u0131na nas\u0131l d\u00f6n\u00fc\u015ft\u00fc\u011f\u00fc: Ba\u015flang\u0131\u00e7lar\u0131m\u0131za bak\u0131\u015f, Kurpfalz Yat\u0131l\u0131 Okulu&#8217;nun nas\u0131l b\u00fcy\u00fcd\u00fc\u011f\u00fcn\u00fc g\u00f6steriyor &#8211; mek\u00e2nsal, dijital ve zihinsel olarak. D\u00fcn oldu\u011fu gibi bug\u00fcn de tek bir \u015fey \u00f6nemlidir: \u00d6\u011frenme, ya\u015fam ve gelecek i\u00e7in alan. <\/i><\/p>\n\n<p><strong>\u00d6nceki zamanlarda<\/strong><\/p>\n\n<p>Kurpfalz Yurt Okulu 1961&#8217;de Gaiberg&#8217;de kuruldu\u011funda, dersler ilk olarak bir lokantan\u0131n \u00fcst\u00fcnde ger\u00e7ekle\u015ftiriliyordu. K\u0131sa s\u00fcrede, e\u011fitim ve yurt hayat\u0131 i\u00e7in daha fazla alana duyulan ihtiya\u00e7 artt\u0131. <\/p>\n\n<p>1968, Kurpfalz-Internat\u0131&#8217;n\u0131n kurucusu Erna Lehmann, Bammental&#8217;da eski bir bina ile birlikte bir arazi sat\u0131n ald\u0131. Bir y\u0131l sonra, 1969&#8217;da, yat\u0131l\u0131 okul Bammental&#8217;a ta\u015f\u0131nd\u0131. Tarihi villa, yat\u0131l\u0131 okul ya\u015fam\u0131n\u0131n yeni merkez noktas\u0131 haline geldi. 70 \u00f6\u011frenci i\u00e7in alan olu\u015ftu. Ayn\u0131 y\u0131l ayr\u0131ca ilk kez tatil kursu d\u00fczenlendi &#8211; <a href=\"https:\/\/www.kurpfalz-internat.de\/tr\/yaz-okulundaki-kurslar\">bug\u00fcnk\u00fc Yaz Okulumuz<\/a>.    <\/p>\n\n<p>Resimde villay\u0131 ve o zamanki &#8220;yeni&#8221; okul binas\u0131n\u0131 g\u00f6rebilirsiniz. Ve onun tam ortas\u0131nda: Mario Lehmann. Yenileme \u00e7al\u0131\u015fmalar\u0131nda aktif bir \u015fekilde yard\u0131m etti.  <\/p>\n\n<p><strong>Ve bug\u00fcn?<\/strong><\/p>\n\n<p>Dron \u00e7ekimi bunu \u00e7arp\u0131c\u0131 bir \u015fekilde g\u00f6steriyor: Tarihi villa ve o d\u00f6nemin &#8220;eski okul binas\u0131&#8221; yan\u0131nda bug\u00fcn Kurpfalz Yurt Okulu&#8217;nun yeni okul binas\u0131 yer al\u0131yor. Buras\u0131 modern fen dersliklerini, merkezi bulu\u015fma yeri olarak ayd\u0131nl\u0131k bir atriyumu ve tamamen dijital olarak donat\u0131lm\u0131\u015f s\u0131n\u0131f ve laboratuvarlar\u0131 bar\u0131nd\u0131r\u0131yor. Etkile\u015fimli ekranlar bizim i\u00e7in \u00e7oktan standart hale geldi. B\u00f6ylece Kurpfalz Yurt Okulu tarihi g\u00fcn\u00fcm\u00fczle birle\u015ftiriyor &#8211; ve ortak \u00f6\u011frenme, ara\u015ft\u0131rma ve b\u00fcy\u00fcme i\u00e7in bir alan yarat\u0131yor.   <\/p>\n\n<figure class=\"wp-block-embed is-type-video is-provider-vimeo wp-block-embed-vimeo wp-embed-aspect-16-9 wp-has-aspect-ratio\"><div class=\"wp-block-embed__wrapper\">\n\n    <div class=\"video-facade content-video-facade\" data-video-id=\"1084532699\" data-provider=\"vimeo\" data-original-iframe=\"&lt;iframe title=&quot;Kurpfalz Internat | Drohnenflug \u00fcber den Campus&quot; src=&quot;https:\/\/player.vimeo.com\/video\/1084532699?dnt=1&amp;app_id=122963&#038;dnt=1&quot; width=&quot;640&quot; height=&quot;360&quot; frameborder=&quot;0&quot; allow=&quot;autoplay; fullscreen; picture-in-picture; clipboard-write; encrypted-media; web-share&quot; referrerpolicy=&quot;strict-origin-when-cross-origin&quot;&gt;&lt;\/iframe&gt;\" width=\"640\" height=\"360\">\n        <img decoding=\"async\" src=\"https:\/\/i.vimeocdn.com\/video\/2015962446-01ece656dbc364bd3b21f317659fb6a26b5f27f84bef5e589dcaadab8f571f7b-d?region=us&#038;mw=1280&#038;mh=720&#038;q=100\" alt=\"Video thumbnail\" loading=\"lazy\">\n        <button class=\"video-play-button\" aria-label=\"Play video\">\n            <svg width=\"68\" height=\"48\" viewBox=\"0 0 68 48\"><path d=\"M66.52 7.74c-.78-2.93-2.49-5.41-5.42-6.19C55.79.13 34 0 34 0S12.21.13 6.9 1.55c-2.93.78-4.63 3.26-5.42 6.19C.06 13.05 0 24 0 24s.06 10.95 1.48 16.26c.78 2.93 2.49 5.41 5.42 6.19C12.21 47.87 34 48 34 48s21.79-.13 27.1-1.55c2.93-.78 4.64-3.26 5.42-6.19C67.94 34.95 68 24 68 24s-.06-10.95-1.48-16.26z\" fill=\"red\"\/><path d=\"M45 24L27 14v20\" fill=\"white\"\/><\/svg>\n        <\/button>\n        <div class=\"video-consent-notice\" style=\"display: none;\">\n            <p class=\"video-consent-text first-attempt\">To watch the video, you need to accept cookies.<\/p>\n            <p class=\"video-consent-text try-again\">Cookies have not been accepted yet. Please accept cookies first and try again.<\/p>\n            <button class=\"check-cookies-btn\">Check Cookies<\/button>\n        <\/div>\n    <\/div>\n<\/div><\/figure>\n","protected":false},"excerpt":{"rendered":"<p>Bammental&#8217;deki eski bir villan\u0131n modern bir \u00f6\u011frenme yeri haline geli\u015fi: Ba\u015flang\u0131c\u0131m\u0131za dair geri d\u00f6n\u00fc\u015f, Kurpfalz Yat\u0131l\u0131 Okulu&#8217;nun nas\u0131l b\u00fcy\u00fcd\u00fc\u011f\u00fcn\u00fc &#8211; fiziksel, dijital ve ruhsal a\u00e7\u0131dan &#8211; g\u00f6stermektedir.<\/p>\n","protected":false},"author":1,"featured_media":25287,"comment_status":"closed","ping_status":"closed","sticky":false,"template":"","format":"standard","meta":{"_acf_changed":false,"_yoast_wpseo_title":"Gaiberg'den Bammental'e \u2013 her \u015feyin nas\u0131l ba\u015flad\u0131\u011f\u0131","_yoast_wpseo_metadesc":"Eski bir villan\u0131n modern bir \u00f6\u011frenme alan\u0131na nas\u0131l d\u00f6n\u00fc\u015ft\u00fc\u011f\u00fcn\u00fc: Ba\u015flang\u0131\u00e7lar\u0131m\u0131za dair bir geri d\u00f6n\u00fc\u015f, Kurpfalz Yat\u0131l\u0131 Okulu'nun nas\u0131l b\u00fcy\u00fcd\u00fc\u011f\u00fcn\u00fc g\u00f6steriyor.","excerpt":"Bammental'deki eski bir villan\u0131n modern bir \u00f6\u011frenme yeri haline geli\u015fi: Ba\u015flang\u0131c\u0131m\u0131za dair geri d\u00f6n\u00fc\u015f, Kurpfalz Yat\u0131l\u0131 Okulu'nun nas\u0131l b\u00fcy\u00fcd\u00fc\u011f\u00fcn\u00fc - fiziksel, dijital ve ruhsal a\u00e7\u0131dan - g\u00f6stermektedir.","footnotes":""},"categories":[24],"tags":[],"class_list":{"0":"post-48152","1":"post","2":"type-post","3":"status-publish","4":"format-standard","5":"has-post-thumbnail","7":"category-kurpfalz-haberleri"},"acf":[],"yoast_head":"<!-- This site is optimized with the Yoast SEO plugin v26.9 - https:\/\/yoast.com\/product\/yoast-seo-wordpress\/ -->\n<title>Gaiberg&#039;den Bammental&#039;e \u2013 her \u015feyin nas\u0131l ba\u015flad\u0131\u011f\u0131<\/title>\n<meta name=\"description\" content=\"Eski bir villan\u0131n modern bir \u00f6\u011frenme alan\u0131na nas\u0131l d\u00f6n\u00fc\u015ft\u00fc\u011f\u00fcn\u00fc: Ba\u015flang\u0131\u00e7lar\u0131m\u0131za dair bir geri d\u00f6n\u00fc\u015f, Kurpfalz Yat\u0131l\u0131 Okulu&#039;nun nas\u0131l b\u00fcy\u00fcd\u00fc\u011f\u00fcn\u00fc g\u00f6steriyor.\" \/>\n<meta name=\"robots\" content=\"index, follow, max-snippet:-1, max-image-preview:large, max-video-preview:-1\" \/>\n<link rel=\"canonical\" href=\"https:\/\/www.kurpfalz-internat.de\/tr\/gaibergden-bammentale-her-seyin-nasil-basladigi\" \/>\n<meta property=\"og:locale\" content=\"tr_TR\" \/>\n<meta property=\"og:type\" content=\"article\" \/>\n<meta property=\"og:title\" content=\"Gaiberg&#039;den Bammental&#039;e \u2013 her \u015feyin nas\u0131l ba\u015flad\u0131\u011f\u0131\" \/>\n<meta property=\"og:description\" content=\"Eski bir villan\u0131n modern bir \u00f6\u011frenme alan\u0131na nas\u0131l d\u00f6n\u00fc\u015ft\u00fc\u011f\u00fcn\u00fc: Ba\u015flang\u0131\u00e7lar\u0131m\u0131za dair bir geri d\u00f6n\u00fc\u015f, Kurpfalz Yat\u0131l\u0131 Okulu&#039;nun nas\u0131l b\u00fcy\u00fcd\u00fc\u011f\u00fcn\u00fc g\u00f6steriyor.\" \/>\n<meta property=\"og:url\" content=\"https:\/\/www.kurpfalz-internat.de\/tr\/gaibergden-bammentale-her-seyin-nasil-basladigi\" \/>\n<meta property=\"og:site_name\" content=\"Kurpfalz Internat\" \/>\n<meta property=\"article:published_time\" content=\"2025-02-17T11:02:15+00:00\" \/>\n<meta property=\"article:modified_time\" content=\"2026-01-27T10:54:08+00:00\" \/>\n<meta name=\"author\" content=\"Schloss Torgelow\" \/>\n<meta name=\"twitter:card\" content=\"summary_large_image\" \/>\n<meta name=\"twitter:label1\" content=\"Yazan:\" \/>\n\t<meta name=\"twitter:data1\" content=\"Schloss Torgelow\" \/>\n\t<meta name=\"twitter:label2\" content=\"Tahmini okuma s\u00fcresi\" \/>\n\t<meta name=\"twitter:data2\" content=\"1 dakika\" \/>\n<script type=\"application\/ld+json\" class=\"yoast-schema-graph\">{\"@context\":\"https:\/\/schema.org\",\"@graph\":[{\"@type\":\"Article\",\"@id\":\"https:\/\/www.kurpfalz-internat.de\/tr\/gaibergden-bammentale-her-seyin-nasil-basladigi#article\",\"isPartOf\":{\"@id\":\"https:\/\/www.kurpfalz-internat.de\/tr\/gaibergden-bammentale-her-seyin-nasil-basladigi\"},\"author\":{\"name\":\"Schloss Torgelow\",\"@id\":\"https:\/\/www.kurpfalz-internat.de\/tr#\/schema\/person\/b76bbb367f3a20c7ced1339e4875691e\"},\"headline\":\"Gaiberg&#8217;den Bammental&#8217;e \u2013 her \u015feyin nas\u0131l ba\u015flad\u0131\u011f\u0131\",\"datePublished\":\"2025-02-17T11:02:15+00:00\",\"dateModified\":\"2026-01-27T10:54:08+00:00\",\"mainEntityOfPage\":{\"@id\":\"https:\/\/www.kurpfalz-internat.de\/tr\/gaibergden-bammentale-her-seyin-nasil-basladigi\"},\"wordCount\":313,\"image\":{\"@id\":\"https:\/\/www.kurpfalz-internat.de\/tr\/gaibergden-bammentale-her-seyin-nasil-basladigi#primaryimage\"},\"thumbnailUrl\":\"https:\/\/www.kurpfalz-internat.de\/wp-content\/uploads\/sites\/2\/2025\/09\/frueher-heute_header_st.avif\",\"articleSection\":[\"Kurpfalz Haberleri\"],\"inLanguage\":\"tr\"},{\"@type\":\"WebPage\",\"@id\":\"https:\/\/www.kurpfalz-internat.de\/tr\/gaibergden-bammentale-her-seyin-nasil-basladigi#webpage\",\"url\":\"https:\/\/www.kurpfalz-internat.de\/tr\/gaibergden-bammentale-her-seyin-nasil-basladigi\",\"name\":\"Gaiberg'den Bammental'e \u2013 her \u015feyin nas\u0131l ba\u015flad\u0131\u011f\u0131\",\"isPartOf\":{\"@id\":\"https:\/\/www.kurpfalz-internat.de\/tr#website\"},\"primaryImageOfPage\":{\"@id\":\"https:\/\/www.kurpfalz-internat.de\/tr\/gaibergden-bammentale-her-seyin-nasil-basladigi#primaryimage\"},\"image\":{\"@id\":\"https:\/\/www.kurpfalz-internat.de\/tr\/gaibergden-bammentale-her-seyin-nasil-basladigi#primaryimage\"},\"thumbnailUrl\":\"https:\/\/www.kurpfalz-internat.de\/wp-content\/uploads\/sites\/2\/2025\/09\/frueher-heute_header_st.avif\",\"datePublished\":\"2025-02-17T11:02:15+00:00\",\"dateModified\":\"2026-01-27T10:54:08+00:00\",\"author\":{\"@id\":\"https:\/\/www.kurpfalz-internat.de\/tr#\/schema\/person\/b76bbb367f3a20c7ced1339e4875691e\"},\"description\":\"Eski bir villan\u0131n modern bir \u00f6\u011frenme alan\u0131na nas\u0131l d\u00f6n\u00fc\u015ft\u00fc\u011f\u00fcn\u00fc: Ba\u015flang\u0131\u00e7lar\u0131m\u0131za dair bir geri d\u00f6n\u00fc\u015f, Kurpfalz Yat\u0131l\u0131 Okulu'nun nas\u0131l b\u00fcy\u00fcd\u00fc\u011f\u00fcn\u00fc g\u00f6steriyor.\",\"breadcrumb\":{\"@id\":\"https:\/\/www.kurpfalz-internat.de\/tr\/gaibergden-bammentale-her-seyin-nasil-basladigi#breadcrumb\"},\"inLanguage\":\"tr\",\"potentialAction\":[{\"@type\":\"ReadAction\",\"target\":[\"https:\/\/www.kurpfalz-internat.de\/tr\/gaibergden-bammentale-her-seyin-nasil-basladigi\"]}]},{\"@type\":\"ImageObject\",\"inLanguage\":\"tr\",\"@id\":\"https:\/\/www.kurpfalz-internat.de\/tr\/gaibergden-bammentale-her-seyin-nasil-basladigi#primaryimage\",\"url\":\"https:\/\/www.kurpfalz-internat.de\/wp-content\/uploads\/sites\/2\/2025\/09\/frueher-heute_header_st.avif\",\"contentUrl\":\"https:\/\/www.kurpfalz-internat.de\/wp-content\/uploads\/sites\/2\/2025\/09\/frueher-heute_header_st.avif\",\"width\":1920,\"height\":1080,\"caption\":\"Gaiberg'den Bammental'e \u2013 her \u015feyin nas\u0131l ba\u015flad\u0131\u011f\u0131\"},{\"@type\":\"BreadcrumbList\",\"@id\":\"https:\/\/www.kurpfalz-internat.de\/tr\/gaibergden-bammentale-her-seyin-nasil-basladigi#breadcrumb\",\"itemListElement\":[{\"@type\":\"ListItem\",\"position\":1,\"name\":\"Startseite\",\"item\":\"https:\/\/www.kurpfalz-internat.de\/tr\"},{\"@type\":\"ListItem\",\"position\":2,\"name\":\"Gaiberg&#8217;den Bammental&#8217;e \u2013 her \u015feyin nas\u0131l ba\u015flad\u0131\u011f\u0131\"}]},{\"@type\":\"WebSite\",\"@id\":\"https:\/\/www.kurpfalz-internat.de\/tr#website\",\"url\":\"https:\/\/www.kurpfalz-internat.de\/tr\",\"name\":\"Kurpfalz Internat\",\"description\":\"\u00d6zel Kurpfalz yat\u0131l\u0131 okulu, zorluk arayan \u00f6\u011frenci k\u0131z ve erkekler i\u00e7in \u2013 genel lise ve ortaokul ile.\",\"potentialAction\":[{\"@type\":\"SearchAction\",\"target\":{\"@type\":\"EntryPoint\",\"urlTemplate\":\"https:\/\/www.kurpfalz-internat.de\/tr?s={search_term_string}\"},\"query-input\":{\"@type\":\"PropertyValueSpecification\",\"valueRequired\":true,\"valueName\":\"search_term_string\"}}],\"inLanguage\":\"tr\"},{\"@type\":\"Person\",\"@id\":\"https:\/\/www.kurpfalz-internat.de\/tr#\/schema\/person\/b76bbb367f3a20c7ced1339e4875691e\",\"name\":\"Schloss Torgelow\",\"image\":{\"@type\":\"ImageObject\",\"inLanguage\":\"tr\",\"@id\":\"https:\/\/www.kurpfalz-internat.de\/tr#\/schema\/person\/image\/\",\"url\":\"https:\/\/secure.gravatar.com\/avatar\/4bad9bf1bee90f77b98693d3ad03ade085c80c169595427c58c58e5b069f49e1?s=96&d=mm&r=g\",\"contentUrl\":\"https:\/\/secure.gravatar.com\/avatar\/4bad9bf1bee90f77b98693d3ad03ade085c80c169595427c58c58e5b069f49e1?s=96&d=mm&r=g\",\"caption\":\"Schloss Torgelow\"},\"sameAs\":[\"https:\/\/www.schlosstorgelow.de\"]}]}<\/script>\n<!-- \/ Yoast SEO plugin. -->","yoast_head_json":{"title":"Gaiberg'den Bammental'e \u2013 her \u015feyin nas\u0131l ba\u015flad\u0131\u011f\u0131","description":"Eski bir villan\u0131n modern bir \u00f6\u011frenme alan\u0131na nas\u0131l d\u00f6n\u00fc\u015ft\u00fc\u011f\u00fcn\u00fc: Ba\u015flang\u0131\u00e7lar\u0131m\u0131za dair bir geri d\u00f6n\u00fc\u015f, Kurpfalz Yat\u0131l\u0131 Okulu'nun nas\u0131l b\u00fcy\u00fcd\u00fc\u011f\u00fcn\u00fc g\u00f6steriyor.","robots":{"index":"index","follow":"follow","max-snippet":"max-snippet:-1","max-image-preview":"max-image-preview:large","max-video-preview":"max-video-preview:-1"},"canonical":"https:\/\/www.kurpfalz-internat.de\/tr\/gaibergden-bammentale-her-seyin-nasil-basladigi","og_locale":"tr_TR","og_type":"article","og_title":"Gaiberg'den Bammental'e \u2013 her \u015feyin nas\u0131l ba\u015flad\u0131\u011f\u0131","og_description":"Eski bir villan\u0131n modern bir \u00f6\u011frenme alan\u0131na nas\u0131l d\u00f6n\u00fc\u015ft\u00fc\u011f\u00fcn\u00fc: Ba\u015flang\u0131\u00e7lar\u0131m\u0131za dair bir geri d\u00f6n\u00fc\u015f, Kurpfalz Yat\u0131l\u0131 Okulu'nun nas\u0131l b\u00fcy\u00fcd\u00fc\u011f\u00fcn\u00fc g\u00f6steriyor.","og_url":"https:\/\/www.kurpfalz-internat.de\/tr\/gaibergden-bammentale-her-seyin-nasil-basladigi","og_site_name":"Kurpfalz Internat","article_published_time":"2025-02-17T11:02:15+00:00","article_modified_time":"2026-01-27T10:54:08+00:00","author":"Schloss Torgelow","twitter_card":"summary_large_image","twitter_misc":{"Yazan:":"Schloss Torgelow","Tahmini okuma s\u00fcresi":"1 dakika"},"schema":{"@context":"https:\/\/schema.org","@graph":[{"@type":"Article","@id":"https:\/\/www.kurpfalz-internat.de\/tr\/gaibergden-bammentale-her-seyin-nasil-basladigi#article","isPartOf":{"@id":"https:\/\/www.kurpfalz-internat.de\/tr\/gaibergden-bammentale-her-seyin-nasil-basladigi"},"author":{"name":"Schloss Torgelow","@id":"https:\/\/www.kurpfalz-internat.de\/tr#\/schema\/person\/b76bbb367f3a20c7ced1339e4875691e"},"headline":"Gaiberg&#8217;den Bammental&#8217;e \u2013 her \u015feyin nas\u0131l ba\u015flad\u0131\u011f\u0131","datePublished":"2025-02-17T11:02:15+00:00","dateModified":"2026-01-27T10:54:08+00:00","mainEntityOfPage":{"@id":"https:\/\/www.kurpfalz-internat.de\/tr\/gaibergden-bammentale-her-seyin-nasil-basladigi"},"wordCount":313,"image":{"@id":"https:\/\/www.kurpfalz-internat.de\/tr\/gaibergden-bammentale-her-seyin-nasil-basladigi#primaryimage"},"thumbnailUrl":"https:\/\/www.kurpfalz-internat.de\/wp-content\/uploads\/sites\/2\/2025\/09\/frueher-heute_header_st.avif","articleSection":["Kurpfalz Haberleri"],"inLanguage":"tr"},{"@type":"WebPage","@id":"https:\/\/www.kurpfalz-internat.de\/tr\/gaibergden-bammentale-her-seyin-nasil-basladigi#webpage","url":"https:\/\/www.kurpfalz-internat.de\/tr\/gaibergden-bammentale-her-seyin-nasil-basladigi","name":"Gaiberg'den Bammental'e \u2013 her \u015feyin nas\u0131l ba\u015flad\u0131\u011f\u0131","isPartOf":{"@id":"https:\/\/www.kurpfalz-internat.de\/tr#website"},"primaryImageOfPage":{"@id":"https:\/\/www.kurpfalz-internat.de\/tr\/gaibergden-bammentale-her-seyin-nasil-basladigi#primaryimage"},"image":{"@id":"https:\/\/www.kurpfalz-internat.de\/tr\/gaibergden-bammentale-her-seyin-nasil-basladigi#primaryimage"},"thumbnailUrl":"https:\/\/www.kurpfalz-internat.de\/wp-content\/uploads\/sites\/2\/2025\/09\/frueher-heute_header_st.avif","datePublished":"2025-02-17T11:02:15+00:00","dateModified":"2026-01-27T10:54:08+00:00","author":{"@id":"https:\/\/www.kurpfalz-internat.de\/tr#\/schema\/person\/b76bbb367f3a20c7ced1339e4875691e"},"description":"Eski bir villan\u0131n modern bir \u00f6\u011frenme alan\u0131na nas\u0131l d\u00f6n\u00fc\u015ft\u00fc\u011f\u00fcn\u00fc: Ba\u015flang\u0131\u00e7lar\u0131m\u0131za dair bir geri d\u00f6n\u00fc\u015f, Kurpfalz Yat\u0131l\u0131 Okulu'nun nas\u0131l b\u00fcy\u00fcd\u00fc\u011f\u00fcn\u00fc g\u00f6steriyor.","breadcrumb":{"@id":"https:\/\/www.kurpfalz-internat.de\/tr\/gaibergden-bammentale-her-seyin-nasil-basladigi#breadcrumb"},"inLanguage":"tr","potentialAction":[{"@type":"ReadAction","target":["https:\/\/www.kurpfalz-internat.de\/tr\/gaibergden-bammentale-her-seyin-nasil-basladigi"]}]},{"@type":"ImageObject","inLanguage":"tr","@id":"https:\/\/www.kurpfalz-internat.de\/tr\/gaibergden-bammentale-her-seyin-nasil-basladigi#primaryimage","url":"https:\/\/www.kurpfalz-internat.de\/wp-content\/uploads\/sites\/2\/2025\/09\/frueher-heute_header_st.avif","contentUrl":"https:\/\/www.kurpfalz-internat.de\/wp-content\/uploads\/sites\/2\/2025\/09\/frueher-heute_header_st.avif","width":1920,"height":1080,"caption":"Gaiberg'den Bammental'e \u2013 her \u015feyin nas\u0131l ba\u015flad\u0131\u011f\u0131"},{"@type":"BreadcrumbList","@id":"https:\/\/www.kurpfalz-internat.de\/tr\/gaibergden-bammentale-her-seyin-nasil-basladigi#breadcrumb","itemListElement":[{"@type":"ListItem","position":1,"name":"Startseite","item":"https:\/\/www.kurpfalz-internat.de\/tr"},{"@type":"ListItem","position":2,"name":"Gaiberg&#8217;den Bammental&#8217;e \u2013 her \u015feyin nas\u0131l ba\u015flad\u0131\u011f\u0131"}]},{"@type":"WebSite","@id":"https:\/\/www.kurpfalz-internat.de\/tr#website","url":"https:\/\/www.kurpfalz-internat.de\/tr","name":"Kurpfalz Internat","description":"\u00d6zel Kurpfalz yat\u0131l\u0131 okulu, zorluk arayan \u00f6\u011frenci k\u0131z ve erkekler i\u00e7in \u2013 genel lise ve ortaokul ile.","potentialAction":[{"@type":"SearchAction","target":{"@type":"EntryPoint","urlTemplate":"https:\/\/www.kurpfalz-internat.de\/tr?s={search_term_string}"},"query-input":{"@type":"PropertyValueSpecification","valueRequired":true,"valueName":"search_term_string"}}],"inLanguage":"tr"},{"@type":"Person","@id":"https:\/\/www.kurpfalz-internat.de\/tr#\/schema\/person\/b76bbb367f3a20c7ced1339e4875691e","name":"Schloss Torgelow","image":{"@type":"ImageObject","inLanguage":"tr","@id":"https:\/\/www.kurpfalz-internat.de\/tr#\/schema\/person\/image\/","url":"https:\/\/secure.gravatar.com\/avatar\/4bad9bf1bee90f77b98693d3ad03ade085c80c169595427c58c58e5b069f49e1?s=96&d=mm&r=g","contentUrl":"https:\/\/secure.gravatar.com\/avatar\/4bad9bf1bee90f77b98693d3ad03ade085c80c169595427c58c58e5b069f49e1?s=96&d=mm&r=g","caption":"Schloss Torgelow"},"sameAs":["https:\/\/www.schlosstorgelow.de"]}]}},"block_visibility_meta":[],"_links":{"self":[{"href":"https:\/\/www.kurpfalz-internat.de\/tr\/wp-json\/wp\/v2\/posts\/48152","targetHints":{"allow":["GET"]}}],"collection":[{"href":"https:\/\/www.kurpfalz-internat.de\/tr\/wp-json\/wp\/v2\/posts"}],"about":[{"href":"https:\/\/www.kurpfalz-internat.de\/tr\/wp-json\/wp\/v2\/types\/post"}],"author":[{"embeddable":true,"href":"https:\/\/www.kurpfalz-internat.de\/tr\/wp-json\/wp\/v2\/users\/1"}],"replies":[{"embeddable":true,"href":"https:\/\/www.kurpfalz-internat.de\/tr\/wp-json\/wp\/v2\/comments?post=48152"}],"version-history":[{"count":1,"href":"https:\/\/www.kurpfalz-internat.de\/tr\/wp-json\/wp\/v2\/posts\/48152\/revisions"}],"predecessor-version":[{"id":48153,"href":"https:\/\/www.kurpfalz-internat.de\/tr\/wp-json\/wp\/v2\/posts\/48152\/revisions\/48153"}],"wp:featuredmedia":[{"embeddable":true,"href":"https:\/\/www.kurpfalz-internat.de\/tr\/wp-json\/wp\/v2\/media\/25287"}],"wp:attachment":[{"href":"https:\/\/www.kurpfalz-internat.de\/tr\/wp-json\/wp\/v2\/media?parent=48152"}],"wp:term":[{"taxonomy":"category","embeddable":true,"href":"https:\/\/www.kurpfalz-internat.de\/tr\/wp-json\/wp\/v2\/categories?post=48152"},{"taxonomy":"post_tag","embeddable":true,"href":"https:\/\/www.kurpfalz-internat.de\/tr\/wp-json\/wp\/v2\/tags?post=48152"}],"curies":[{"name":"wp","href":"https:\/\/api.w.org\/{rel}","templated":true}]}}