{"id":48172,"date":"2025-03-18T10:50:27","date_gmt":"2025-03-18T10:50:27","guid":{"rendered":"https:\/\/www.kurpfalz-internat.de\/bruchsaldaki-boelgesel-finalde-gueclue-muecadele"},"modified":"2026-01-27T10:54:07","modified_gmt":"2026-01-27T10:54:07","slug":"bruchsaldaki-boelgesel-finalde-gueclue-muecadele","status":"publish","type":"post","link":"https:\/\/www.kurpfalz-internat.de\/tr\/bruchsaldaki-boelgesel-finalde-gueclue-muecadele","title":{"rendered":"Bruchsal&#8217;daki b\u00f6lgesel finalde g\u00fc\u00e7l\u00fc m\u00fccadele"},"content":{"rendered":"\n<p><i>G\u00fc\u00e7l\u00fc bir nitelik performans\u0131 sayesinde basketbol tak\u0131m\u0131m\u0131z Bruchsal&#8217;daki il \u015fampiyonas\u0131na kat\u0131lma \u015fans\u0131n\u0131 buldu. Turnuva iki \u00fc\u00e7l\u00fc grupta yap\u0131ld\u0131, grup birincileri ve ikincileri daha sonra yar\u0131 finallerde ve finalde \u015fampiyonluk i\u00e7in m\u00fccadele ettiler.  <\/i><\/p>\n\n<p>B\u00f6lge finali i\u00e7in Marlene isimli, daha \u00f6nce kul\u00fcp tecr\u00fcbesi olan bir ba\u015fka oyuncuyu kazanmay\u0131 ba\u015fard\u0131k. Genellikle daha b\u00fcy\u00fck olan \u00e7ocuklara kar\u015f\u0131 fiziksel dezavantajlar\u0131na ra\u011fmen, tak\u0131m\u0131m\u0131z i\u00e7in ilk puanlar\u0131 kazanmay\u0131 ba\u015fard\u0131. <\/p>\n\n<p>Genel olarak, tak\u0131m\u0131m\u0131z her iki ma\u00e7ta da zorland\u0131. \u0130lk ma\u00e7ta, \u00f6zellikle Hendrik s\u00fcrekli potaya ula\u015farak ilk yar\u0131da iyi idare ettik. Devreden sonra, rakipler deneyimlerini daha iyi kullanarak bizden yava\u015f yava\u015f uzakla\u015ft\u0131lar. \u0130kinci ma\u00e7ta, Heidelberg&#8217;den Gregor-Mendel Ortaokulu ile kar\u015f\u0131la\u015ft\u0131k; bu tak\u0131mda iki gen\u00e7 Bundesliga oyuncusu vard\u0131. Bu \u00fcst\u00fcn tak\u0131ma kar\u015f\u0131, oyuncular\u0131m\u0131z\u0131n tabi ki sadece az bir \u015feyle kar\u015f\u0131l\u0131k verebildi, Darius&#8217;un zaman zaman ofansif ribaundlarla say\u0131 \u00fcretmesi d\u0131\u015f\u0131nda.    <\/p>\n\n<p>Zorluklara ra\u011fmen, ilk turnuvaya k\u0131yasla oyun geli\u015ftirme belirgin bir \u015fekilde g\u00f6r\u00fcl\u00fcyordu. Herkes elinden gelenin en iyisini yapt\u0131, tam bir \u00f6zveri g\u00f6sterdi ve sonuna kadar sava\u015ft\u0131 &#8211; harika bir performans! <\/p>\n","protected":false},"excerpt":{"rendered":"<p>G\u00fc\u00e7l\u00fc bir dereceleme performans\u0131 sayesinde basketbol tak\u0131m\u0131m\u0131z, Bruchsal&#8217;daki JtfO b\u00f6lge finaline kat\u0131lma f\u0131rsat\u0131 buldu.<\/p>\n","protected":false},"author":1,"featured_media":25276,"comment_status":"closed","ping_status":"closed","sticky":false,"template":"","format":"standard","meta":{"_acf_changed":false,"_yoast_wpseo_title":"Bruchsal'daki b\u00f6lgesel finalde g\u00fc\u00e7l\u00fc m\u00fccadele","_yoast_wpseo_metadesc":"G\u00fc\u00e7l\u00fc bir performans sayesinde basketbol tak\u0131m\u0131m\u0131z Bruchsal'daki b\u00f6lge finallerine kat\u0131lma f\u0131rsat\u0131 buldu.","excerpt":"G\u00fc\u00e7l\u00fc bir dereceleme performans\u0131 sayesinde basketbol tak\u0131m\u0131m\u0131z, Bruchsal'daki JtfO b\u00f6lge finaline kat\u0131lma f\u0131rsat\u0131 buldu.","footnotes":""},"categories":[24],"tags":[],"class_list":{"0":"post-48172","1":"post","2":"type-post","3":"status-publish","4":"format-standard","5":"has-post-thumbnail","7":"category-kurpfalz-haberleri"},"acf":[],"yoast_head":"<!-- This site is optimized with the Yoast SEO plugin v26.9 - https:\/\/yoast.com\/product\/yoast-seo-wordpress\/ -->\n<title>Bruchsal&#039;daki b\u00f6lgesel finalde g\u00fc\u00e7l\u00fc m\u00fccadele<\/title>\n<meta name=\"description\" content=\"G\u00fc\u00e7l\u00fc bir performans sayesinde basketbol tak\u0131m\u0131m\u0131z Bruchsal&#039;daki b\u00f6lge finallerine kat\u0131lma f\u0131rsat\u0131 buldu.\" \/>\n<meta name=\"robots\" content=\"index, follow, max-snippet:-1, max-image-preview:large, max-video-preview:-1\" \/>\n<link rel=\"canonical\" href=\"https:\/\/www.kurpfalz-internat.de\/tr\/bruchsaldaki-boelgesel-finalde-gueclue-muecadele\" \/>\n<meta property=\"og:locale\" content=\"tr_TR\" \/>\n<meta property=\"og:type\" content=\"article\" \/>\n<meta property=\"og:title\" content=\"Bruchsal&#039;daki b\u00f6lgesel finalde g\u00fc\u00e7l\u00fc m\u00fccadele\" \/>\n<meta property=\"og:description\" content=\"G\u00fc\u00e7l\u00fc bir performans sayesinde basketbol tak\u0131m\u0131m\u0131z Bruchsal&#039;daki b\u00f6lge finallerine kat\u0131lma f\u0131rsat\u0131 buldu.\" \/>\n<meta property=\"og:url\" content=\"https:\/\/www.kurpfalz-internat.de\/tr\/bruchsaldaki-boelgesel-finalde-gueclue-muecadele\" \/>\n<meta property=\"og:site_name\" content=\"Kurpfalz Internat\" \/>\n<meta property=\"article:published_time\" content=\"2025-03-18T10:50:27+00:00\" \/>\n<meta property=\"article:modified_time\" content=\"2026-01-27T10:54:07+00:00\" \/>\n<meta name=\"author\" content=\"Schloss Torgelow\" \/>\n<meta name=\"twitter:card\" content=\"summary_large_image\" \/>\n<meta name=\"twitter:label1\" content=\"Yazan:\" \/>\n\t<meta name=\"twitter:data1\" content=\"Schloss Torgelow\" \/>\n\t<meta name=\"twitter:label2\" content=\"Tahmini okuma s\u00fcresi\" \/>\n\t<meta name=\"twitter:data2\" content=\"1 dakika\" \/>\n<script type=\"application\/ld+json\" class=\"yoast-schema-graph\">{\"@context\":\"https:\/\/schema.org\",\"@graph\":[{\"@type\":\"Article\",\"@id\":\"https:\/\/www.kurpfalz-internat.de\/tr\/bruchsaldaki-boelgesel-finalde-gueclue-muecadele#article\",\"isPartOf\":{\"@id\":\"https:\/\/www.kurpfalz-internat.de\/tr\/bruchsaldaki-boelgesel-finalde-gueclue-muecadele\"},\"author\":{\"name\":\"Schloss Torgelow\",\"@id\":\"https:\/\/www.kurpfalz-internat.de\/tr#\/schema\/person\/b76bbb367f3a20c7ced1339e4875691e\"},\"headline\":\"Bruchsal&#8217;daki b\u00f6lgesel finalde g\u00fc\u00e7l\u00fc m\u00fccadele\",\"datePublished\":\"2025-03-18T10:50:27+00:00\",\"dateModified\":\"2026-01-27T10:54:07+00:00\",\"mainEntityOfPage\":{\"@id\":\"https:\/\/www.kurpfalz-internat.de\/tr\/bruchsaldaki-boelgesel-finalde-gueclue-muecadele\"},\"wordCount\":226,\"image\":{\"@id\":\"https:\/\/www.kurpfalz-internat.de\/tr\/bruchsaldaki-boelgesel-finalde-gueclue-muecadele#primaryimage\"},\"thumbnailUrl\":\"https:\/\/www.kurpfalz-internat.de\/wp-content\/uploads\/sites\/2\/2025\/09\/jtfo-finale_header_st.avif\",\"articleSection\":[\"Kurpfalz Haberleri\"],\"inLanguage\":\"tr\"},{\"@type\":\"WebPage\",\"@id\":\"https:\/\/www.kurpfalz-internat.de\/tr\/bruchsaldaki-boelgesel-finalde-gueclue-muecadele#webpage\",\"url\":\"https:\/\/www.kurpfalz-internat.de\/tr\/bruchsaldaki-boelgesel-finalde-gueclue-muecadele\",\"name\":\"Bruchsal'daki b\u00f6lgesel finalde g\u00fc\u00e7l\u00fc m\u00fccadele\",\"isPartOf\":{\"@id\":\"https:\/\/www.kurpfalz-internat.de\/tr#website\"},\"primaryImageOfPage\":{\"@id\":\"https:\/\/www.kurpfalz-internat.de\/tr\/bruchsaldaki-boelgesel-finalde-gueclue-muecadele#primaryimage\"},\"image\":{\"@id\":\"https:\/\/www.kurpfalz-internat.de\/tr\/bruchsaldaki-boelgesel-finalde-gueclue-muecadele#primaryimage\"},\"thumbnailUrl\":\"https:\/\/www.kurpfalz-internat.de\/wp-content\/uploads\/sites\/2\/2025\/09\/jtfo-finale_header_st.avif\",\"datePublished\":\"2025-03-18T10:50:27+00:00\",\"dateModified\":\"2026-01-27T10:54:07+00:00\",\"author\":{\"@id\":\"https:\/\/www.kurpfalz-internat.de\/tr#\/schema\/person\/b76bbb367f3a20c7ced1339e4875691e\"},\"description\":\"G\u00fc\u00e7l\u00fc bir performans sayesinde basketbol tak\u0131m\u0131m\u0131z Bruchsal'daki b\u00f6lge finallerine kat\u0131lma f\u0131rsat\u0131 buldu.\",\"breadcrumb\":{\"@id\":\"https:\/\/www.kurpfalz-internat.de\/tr\/bruchsaldaki-boelgesel-finalde-gueclue-muecadele#breadcrumb\"},\"inLanguage\":\"tr\",\"potentialAction\":[{\"@type\":\"ReadAction\",\"target\":[\"https:\/\/www.kurpfalz-internat.de\/tr\/bruchsaldaki-boelgesel-finalde-gueclue-muecadele\"]}]},{\"@type\":\"ImageObject\",\"inLanguage\":\"tr\",\"@id\":\"https:\/\/www.kurpfalz-internat.de\/tr\/bruchsaldaki-boelgesel-finalde-gueclue-muecadele#primaryimage\",\"url\":\"https:\/\/www.kurpfalz-internat.de\/wp-content\/uploads\/sites\/2\/2025\/09\/jtfo-finale_header_st.avif\",\"contentUrl\":\"https:\/\/www.kurpfalz-internat.de\/wp-content\/uploads\/sites\/2\/2025\/09\/jtfo-finale_header_st.avif\",\"width\":1920,\"height\":1080,\"caption\":\"Internat Schloss Torgelow 23.06.2021 Foto: Nikola Kuzmanic\"},{\"@type\":\"BreadcrumbList\",\"@id\":\"https:\/\/www.kurpfalz-internat.de\/tr\/bruchsaldaki-boelgesel-finalde-gueclue-muecadele#breadcrumb\",\"itemListElement\":[{\"@type\":\"ListItem\",\"position\":1,\"name\":\"Startseite\",\"item\":\"https:\/\/www.kurpfalz-internat.de\/tr\"},{\"@type\":\"ListItem\",\"position\":2,\"name\":\"Bruchsal&#8217;daki b\u00f6lgesel finalde g\u00fc\u00e7l\u00fc m\u00fccadele\"}]},{\"@type\":\"WebSite\",\"@id\":\"https:\/\/www.kurpfalz-internat.de\/tr#website\",\"url\":\"https:\/\/www.kurpfalz-internat.de\/tr\",\"name\":\"Kurpfalz Internat\",\"description\":\"\u00d6zel Kurpfalz yat\u0131l\u0131 okulu, zorluk arayan \u00f6\u011frenci k\u0131z ve erkekler i\u00e7in \u2013 genel lise ve ortaokul ile.\",\"potentialAction\":[{\"@type\":\"SearchAction\",\"target\":{\"@type\":\"EntryPoint\",\"urlTemplate\":\"https:\/\/www.kurpfalz-internat.de\/tr?s={search_term_string}\"},\"query-input\":{\"@type\":\"PropertyValueSpecification\",\"valueRequired\":true,\"valueName\":\"search_term_string\"}}],\"inLanguage\":\"tr\"},{\"@type\":\"Person\",\"@id\":\"https:\/\/www.kurpfalz-internat.de\/tr#\/schema\/person\/b76bbb367f3a20c7ced1339e4875691e\",\"name\":\"Schloss Torgelow\",\"image\":{\"@type\":\"ImageObject\",\"inLanguage\":\"tr\",\"@id\":\"https:\/\/www.kurpfalz-internat.de\/tr#\/schema\/person\/image\/\",\"url\":\"https:\/\/secure.gravatar.com\/avatar\/4bad9bf1bee90f77b98693d3ad03ade085c80c169595427c58c58e5b069f49e1?s=96&d=mm&r=g\",\"contentUrl\":\"https:\/\/secure.gravatar.com\/avatar\/4bad9bf1bee90f77b98693d3ad03ade085c80c169595427c58c58e5b069f49e1?s=96&d=mm&r=g\",\"caption\":\"Schloss Torgelow\"},\"sameAs\":[\"https:\/\/www.schlosstorgelow.de\"]}]}<\/script>\n<!-- \/ Yoast SEO plugin. -->","yoast_head_json":{"title":"Bruchsal'daki b\u00f6lgesel finalde g\u00fc\u00e7l\u00fc m\u00fccadele","description":"G\u00fc\u00e7l\u00fc bir performans sayesinde basketbol tak\u0131m\u0131m\u0131z Bruchsal'daki b\u00f6lge finallerine kat\u0131lma f\u0131rsat\u0131 buldu.","robots":{"index":"index","follow":"follow","max-snippet":"max-snippet:-1","max-image-preview":"max-image-preview:large","max-video-preview":"max-video-preview:-1"},"canonical":"https:\/\/www.kurpfalz-internat.de\/tr\/bruchsaldaki-boelgesel-finalde-gueclue-muecadele","og_locale":"tr_TR","og_type":"article","og_title":"Bruchsal'daki b\u00f6lgesel finalde g\u00fc\u00e7l\u00fc m\u00fccadele","og_description":"G\u00fc\u00e7l\u00fc bir performans sayesinde basketbol tak\u0131m\u0131m\u0131z Bruchsal'daki b\u00f6lge finallerine kat\u0131lma f\u0131rsat\u0131 buldu.","og_url":"https:\/\/www.kurpfalz-internat.de\/tr\/bruchsaldaki-boelgesel-finalde-gueclue-muecadele","og_site_name":"Kurpfalz Internat","article_published_time":"2025-03-18T10:50:27+00:00","article_modified_time":"2026-01-27T10:54:07+00:00","author":"Schloss Torgelow","twitter_card":"summary_large_image","twitter_misc":{"Yazan:":"Schloss Torgelow","Tahmini okuma s\u00fcresi":"1 dakika"},"schema":{"@context":"https:\/\/schema.org","@graph":[{"@type":"Article","@id":"https:\/\/www.kurpfalz-internat.de\/tr\/bruchsaldaki-boelgesel-finalde-gueclue-muecadele#article","isPartOf":{"@id":"https:\/\/www.kurpfalz-internat.de\/tr\/bruchsaldaki-boelgesel-finalde-gueclue-muecadele"},"author":{"name":"Schloss Torgelow","@id":"https:\/\/www.kurpfalz-internat.de\/tr#\/schema\/person\/b76bbb367f3a20c7ced1339e4875691e"},"headline":"Bruchsal&#8217;daki b\u00f6lgesel finalde g\u00fc\u00e7l\u00fc m\u00fccadele","datePublished":"2025-03-18T10:50:27+00:00","dateModified":"2026-01-27T10:54:07+00:00","mainEntityOfPage":{"@id":"https:\/\/www.kurpfalz-internat.de\/tr\/bruchsaldaki-boelgesel-finalde-gueclue-muecadele"},"wordCount":226,"image":{"@id":"https:\/\/www.kurpfalz-internat.de\/tr\/bruchsaldaki-boelgesel-finalde-gueclue-muecadele#primaryimage"},"thumbnailUrl":"https:\/\/www.kurpfalz-internat.de\/wp-content\/uploads\/sites\/2\/2025\/09\/jtfo-finale_header_st.avif","articleSection":["Kurpfalz Haberleri"],"inLanguage":"tr"},{"@type":"WebPage","@id":"https:\/\/www.kurpfalz-internat.de\/tr\/bruchsaldaki-boelgesel-finalde-gueclue-muecadele#webpage","url":"https:\/\/www.kurpfalz-internat.de\/tr\/bruchsaldaki-boelgesel-finalde-gueclue-muecadele","name":"Bruchsal'daki b\u00f6lgesel finalde g\u00fc\u00e7l\u00fc m\u00fccadele","isPartOf":{"@id":"https:\/\/www.kurpfalz-internat.de\/tr#website"},"primaryImageOfPage":{"@id":"https:\/\/www.kurpfalz-internat.de\/tr\/bruchsaldaki-boelgesel-finalde-gueclue-muecadele#primaryimage"},"image":{"@id":"https:\/\/www.kurpfalz-internat.de\/tr\/bruchsaldaki-boelgesel-finalde-gueclue-muecadele#primaryimage"},"thumbnailUrl":"https:\/\/www.kurpfalz-internat.de\/wp-content\/uploads\/sites\/2\/2025\/09\/jtfo-finale_header_st.avif","datePublished":"2025-03-18T10:50:27+00:00","dateModified":"2026-01-27T10:54:07+00:00","author":{"@id":"https:\/\/www.kurpfalz-internat.de\/tr#\/schema\/person\/b76bbb367f3a20c7ced1339e4875691e"},"description":"G\u00fc\u00e7l\u00fc bir performans sayesinde basketbol tak\u0131m\u0131m\u0131z Bruchsal'daki b\u00f6lge finallerine kat\u0131lma f\u0131rsat\u0131 buldu.","breadcrumb":{"@id":"https:\/\/www.kurpfalz-internat.de\/tr\/bruchsaldaki-boelgesel-finalde-gueclue-muecadele#breadcrumb"},"inLanguage":"tr","potentialAction":[{"@type":"ReadAction","target":["https:\/\/www.kurpfalz-internat.de\/tr\/bruchsaldaki-boelgesel-finalde-gueclue-muecadele"]}]},{"@type":"ImageObject","inLanguage":"tr","@id":"https:\/\/www.kurpfalz-internat.de\/tr\/bruchsaldaki-boelgesel-finalde-gueclue-muecadele#primaryimage","url":"https:\/\/www.kurpfalz-internat.de\/wp-content\/uploads\/sites\/2\/2025\/09\/jtfo-finale_header_st.avif","contentUrl":"https:\/\/www.kurpfalz-internat.de\/wp-content\/uploads\/sites\/2\/2025\/09\/jtfo-finale_header_st.avif","width":1920,"height":1080,"caption":"Internat Schloss Torgelow 23.06.2021 Foto: Nikola Kuzmanic"},{"@type":"BreadcrumbList","@id":"https:\/\/www.kurpfalz-internat.de\/tr\/bruchsaldaki-boelgesel-finalde-gueclue-muecadele#breadcrumb","itemListElement":[{"@type":"ListItem","position":1,"name":"Startseite","item":"https:\/\/www.kurpfalz-internat.de\/tr"},{"@type":"ListItem","position":2,"name":"Bruchsal&#8217;daki b\u00f6lgesel finalde g\u00fc\u00e7l\u00fc m\u00fccadele"}]},{"@type":"WebSite","@id":"https:\/\/www.kurpfalz-internat.de\/tr#website","url":"https:\/\/www.kurpfalz-internat.de\/tr","name":"Kurpfalz Internat","description":"\u00d6zel Kurpfalz yat\u0131l\u0131 okulu, zorluk arayan \u00f6\u011frenci k\u0131z ve erkekler i\u00e7in \u2013 genel lise ve ortaokul ile.","potentialAction":[{"@type":"SearchAction","target":{"@type":"EntryPoint","urlTemplate":"https:\/\/www.kurpfalz-internat.de\/tr?s={search_term_string}"},"query-input":{"@type":"PropertyValueSpecification","valueRequired":true,"valueName":"search_term_string"}}],"inLanguage":"tr"},{"@type":"Person","@id":"https:\/\/www.kurpfalz-internat.de\/tr#\/schema\/person\/b76bbb367f3a20c7ced1339e4875691e","name":"Schloss Torgelow","image":{"@type":"ImageObject","inLanguage":"tr","@id":"https:\/\/www.kurpfalz-internat.de\/tr#\/schema\/person\/image\/","url":"https:\/\/secure.gravatar.com\/avatar\/4bad9bf1bee90f77b98693d3ad03ade085c80c169595427c58c58e5b069f49e1?s=96&d=mm&r=g","contentUrl":"https:\/\/secure.gravatar.com\/avatar\/4bad9bf1bee90f77b98693d3ad03ade085c80c169595427c58c58e5b069f49e1?s=96&d=mm&r=g","caption":"Schloss Torgelow"},"sameAs":["https:\/\/www.schlosstorgelow.de"]}]}},"block_visibility_meta":[],"_links":{"self":[{"href":"https:\/\/www.kurpfalz-internat.de\/tr\/wp-json\/wp\/v2\/posts\/48172","targetHints":{"allow":["GET"]}}],"collection":[{"href":"https:\/\/www.kurpfalz-internat.de\/tr\/wp-json\/wp\/v2\/posts"}],"about":[{"href":"https:\/\/www.kurpfalz-internat.de\/tr\/wp-json\/wp\/v2\/types\/post"}],"author":[{"embeddable":true,"href":"https:\/\/www.kurpfalz-internat.de\/tr\/wp-json\/wp\/v2\/users\/1"}],"replies":[{"embeddable":true,"href":"https:\/\/www.kurpfalz-internat.de\/tr\/wp-json\/wp\/v2\/comments?post=48172"}],"version-history":[{"count":1,"href":"https:\/\/www.kurpfalz-internat.de\/tr\/wp-json\/wp\/v2\/posts\/48172\/revisions"}],"predecessor-version":[{"id":48173,"href":"https:\/\/www.kurpfalz-internat.de\/tr\/wp-json\/wp\/v2\/posts\/48172\/revisions\/48173"}],"wp:featuredmedia":[{"embeddable":true,"href":"https:\/\/www.kurpfalz-internat.de\/tr\/wp-json\/wp\/v2\/media\/25276"}],"wp:attachment":[{"href":"https:\/\/www.kurpfalz-internat.de\/tr\/wp-json\/wp\/v2\/media?parent=48172"}],"wp:term":[{"taxonomy":"category","embeddable":true,"href":"https:\/\/www.kurpfalz-internat.de\/tr\/wp-json\/wp\/v2\/categories?post=48172"},{"taxonomy":"post_tag","embeddable":true,"href":"https:\/\/www.kurpfalz-internat.de\/tr\/wp-json\/wp\/v2\/tags?post=48172"}],"curies":[{"name":"wp","href":"https:\/\/api.w.org\/{rel}","templated":true}]}}